{"id":22034,"date":"2021-11-26T16:22:07","date_gmt":"2021-11-26T16:22:07","guid":{"rendered":"https:\/\/www.ayuntamientodeharia.com\/haria\/?p=22034"},"modified":"2021-11-26T16:22:07","modified_gmt":"2021-11-26T16:22:07","slug":"palabras-al-vuelo-vuelve-al-municipio-de-haria","status":"publish","type":"post","link":"https:\/\/www.ayuntamientodeharia.com\/haria\/palabras-al-vuelo-vuelve-al-municipio-de-haria\/","title":{"rendered":"\u2018Palabras al Vuelo\u2019 vuelve al municipio de Har\u00eda"},"content":{"rendered":"<p>El festival del cuento contado de Lanzarote \u2018Palabras al Vuelo\u2019, que celebra su novena edici\u00f3n, llega el 10 de diciembre al municipio norte\u00f1o con una sesi\u00f3n en el CSC La Tegala.<\/p>\n<p>As\u00ed, el viernes 10 de diciembre, a las 20:00 horas, intervendr\u00e1 Elena Castilla con \u2018De aqu\u00ed a la eternidad\u2019. \u2018Palabras al Vuelo\u2019 contin\u00faa con su filosof\u00eda y su l\u00ednea de trabajo dados los buenos resultados alcanzados hasta la fecha, buscando adem\u00e1s incorporar espacios, colaboradores y nuevas ideas que enriquezcan la programaci\u00f3n y aporten oportunidades atractivas para disfrutar de los cuentos narrados.<\/p>\n<p>Los interesados podr\u00e1n adquirir su entrada a trav\u00e9s de <a href=\"http:\/\/www.ecoentradas.com\">www.ecoentradas.com<\/a><\/p>\n","protected":false},"excerpt":{"rendered":"<p>El festival del cuento contado de Lanzarote \u2018Palabras al Vuelo\u2019, que celebra su novena edici\u00f3n, llega el 10 de diciembre al municipio norte\u00f1o con una sesi\u00f3n en el CSC La Tegala. As\u00ed, el viernes 10 de diciembre, a las 20:00 horas, intervendr\u00e1 Elena Castilla con \u2018De aqu\u00ed a la eternidad\u2019. \u2018Palabras al Vuelo\u2019 contin\u00faa con [&hellip;]<\/p>\n","protected":false},"author":13,"featured_media":22035,"comment_status":"closed","ping_status":"closed","sticky":false,"template":"","format":"standard","meta":{"footnotes":""},"categories":[16],"tags":[],"class_list":["post-22034","post","type-post","status-publish","format-standard","has-post-thumbnail","hentry","category-cultura"],"_links":{"self":[{"href":"https:\/\/www.ayuntamientodeharia.com\/haria\/wp-json\/wp\/v2\/posts\/22034","targetHints":{"allow":["GET"]}}],"collection":[{"href":"https:\/\/www.ayuntamientodeharia.com\/haria\/wp-json\/wp\/v2\/posts"}],"about":[{"href":"https:\/\/www.ayuntamientodeharia.com\/haria\/wp-json\/wp\/v2\/types\/post"}],"author":[{"embeddable":true,"href":"https:\/\/www.ayuntamientodeharia.com\/haria\/wp-json\/wp\/v2\/users\/13"}],"replies":[{"embeddable":true,"href":"https:\/\/www.ayuntamientodeharia.com\/haria\/wp-json\/wp\/v2\/comments?post=22034"}],"version-history":[{"count":1,"href":"https:\/\/www.ayuntamientodeharia.com\/haria\/wp-json\/wp\/v2\/posts\/22034\/revisions"}],"predecessor-version":[{"id":22036,"href":"https:\/\/www.ayuntamientodeharia.com\/haria\/wp-json\/wp\/v2\/posts\/22034\/revisions\/22036"}],"wp:featuredmedia":[{"embeddable":true,"href":"https:\/\/www.ayuntamientodeharia.com\/haria\/wp-json\/wp\/v2\/media\/22035"}],"wp:attachment":[{"href":"https:\/\/www.ayuntamientodeharia.com\/haria\/wp-json\/wp\/v2\/media?parent=22034"}],"wp:term":[{"taxonomy":"category","embeddable":true,"href":"https:\/\/www.ayuntamientodeharia.com\/haria\/wp-json\/wp\/v2\/categories?post=22034"},{"taxonomy":"post_tag","embeddable":true,"href":"https:\/\/www.ayuntamientodeharia.com\/haria\/wp-json\/wp\/v2\/tags?post=22034"}],"curies":[{"name":"wp","href":"https:\/\/api.w.org\/{rel}","templated":true}]}}