{"id":22031,"date":"2021-11-26T16:20:56","date_gmt":"2021-11-26T16:20:56","guid":{"rendered":"https:\/\/www.ayuntamientodeharia.com\/haria\/?p=22031"},"modified":"2021-11-26T16:20:56","modified_gmt":"2021-11-26T16:20:56","slug":"la-sala-de-exposiciones-el-aljibe-de-haria-acoge-el-acto-de-reconocimiento-de-su-cronista-oficial-don-gregorio-barreto","status":"publish","type":"post","link":"https:\/\/www.ayuntamientodeharia.com\/haria\/la-sala-de-exposiciones-el-aljibe-de-haria-acoge-el-acto-de-reconocimiento-de-su-cronista-oficial-don-gregorio-barreto\/","title":{"rendered":"La Sala de Exposiciones \u2018El Aljibe de Har\u00eda\u2019 acoge el acto de reconocimiento de su cronista oficial, Don Gregorio Barreto"},"content":{"rendered":"<p>El Ayuntamiento de Har\u00eda, a trav\u00e9s del \u00c1rea de Cultura, que dirige Evelia Garc\u00eda, llevar\u00e1 a cabo el pr\u00f3ximo 4 de diciembre, en la Sala de Exposiciones \u2018El Aljibe de Har\u00eda\u2019, a partir de las 12:00 horas, un acto de reconocimiento a Gregorio Barreto Vi\u00f1oly, cronista oficial del municipio y Premio Har\u00eda en 1996. Barreto fue adem\u00e1s trabajador del propio Consistorio norte\u00f1o hasta su jubilaci\u00f3n en 2005, habiendo desempe\u00f1ado accidentalmente la Secretar\u00eda en numerosas ocasiones.<\/p>\n<p>Para asistir al homenaje se pueden adquirir las entradas a partir del viernes, 26 de noviembre, a las 15:00 horas, a trav\u00e9s del enlace <a href=\"https:\/\/billetto.es\/e\/acto-de-reconocimiento-al-cronista-oficial-de-haria-d-gregorio-barreto-vinoly-entradas-585700\">https:\/\/billetto.es\/e\/acto-de-reconocimiento-al-cronista-oficial-de-haria-d-gregorio-barreto-vinoly-entradas-585700<\/a>.<\/p>\n<p>En el acto intervendr\u00e1n la concejala de Cultura, Evelia Garc\u00eda Fuentes, el presidente de los Cronistas Oficiales de Lanzarote, Francisco Hern\u00e1ndez Delgado y el presidente de los Cronistas Oficiales de Canarias, Jos\u00e9 Fernando D\u00edaz Mu\u00f1oz.<\/p>\n<p>Desde 1999, escrib\u00eda semanalmente en la Hoja de Har\u00eda, en diferentes espacios desde los que relataba distintos aspectos de la sociedad hariana que eran muy valorados por los vecinos. Adem\u00e1s particip\u00f3 activamente en la vida asociativa, cultural y deportiva del municipio.<\/p>\n<p>Recibi\u00f3 el t\u00edtulo de cronista oficial del municipio de Har\u00eda el 23 de junio de 2002, de manos del entonces alcalde Jos\u00e9 Torres Stinga, pasando seguidamente a ser miembro de la Junta Regional de Cronistas Oficiales.<\/p>\n<p>Entre sus numerosas publicaciones y trabajos de investigaci\u00f3n destaca la \u2018Enciclopedia del lenguaje popular canario\u2019, as\u00ed como su labor como coautor en las \u2018Cr\u00f3nicas de Canarias\u2019 desde sus inicios. Igualmente, escribi\u00f3 distintos pr\u00f3logos y fondos documentales de la Historia de Har\u00eda.<\/p>\n","protected":false},"excerpt":{"rendered":"<p>El Ayuntamiento de Har\u00eda, a trav\u00e9s del \u00c1rea de Cultura, que dirige Evelia Garc\u00eda, llevar\u00e1 a cabo el pr\u00f3ximo 4 de diciembre, en la Sala de Exposiciones \u2018El Aljibe de Har\u00eda\u2019, a partir de las 12:00 horas, un acto de reconocimiento a Gregorio Barreto Vi\u00f1oly, cronista oficial del municipio y Premio Har\u00eda en 1996. Barreto [&hellip;]<\/p>\n","protected":false},"author":13,"featured_media":22032,"comment_status":"closed","ping_status":"closed","sticky":false,"template":"","format":"standard","meta":{"footnotes":""},"categories":[16],"tags":[1092,730,1091,464],"class_list":["post-22031","post","type-post","status-publish","format-standard","has-post-thumbnail","hentry","category-cultura","tag-cronista","tag-cultura","tag-gregorio","tag-haria"],"_links":{"self":[{"href":"https:\/\/www.ayuntamientodeharia.com\/haria\/wp-json\/wp\/v2\/posts\/22031","targetHints":{"allow":["GET"]}}],"collection":[{"href":"https:\/\/www.ayuntamientodeharia.com\/haria\/wp-json\/wp\/v2\/posts"}],"about":[{"href":"https:\/\/www.ayuntamientodeharia.com\/haria\/wp-json\/wp\/v2\/types\/post"}],"author":[{"embeddable":true,"href":"https:\/\/www.ayuntamientodeharia.com\/haria\/wp-json\/wp\/v2\/users\/13"}],"replies":[{"embeddable":true,"href":"https:\/\/www.ayuntamientodeharia.com\/haria\/wp-json\/wp\/v2\/comments?post=22031"}],"version-history":[{"count":1,"href":"https:\/\/www.ayuntamientodeharia.com\/haria\/wp-json\/wp\/v2\/posts\/22031\/revisions"}],"predecessor-version":[{"id":22033,"href":"https:\/\/www.ayuntamientodeharia.com\/haria\/wp-json\/wp\/v2\/posts\/22031\/revisions\/22033"}],"wp:featuredmedia":[{"embeddable":true,"href":"https:\/\/www.ayuntamientodeharia.com\/haria\/wp-json\/wp\/v2\/media\/22032"}],"wp:attachment":[{"href":"https:\/\/www.ayuntamientodeharia.com\/haria\/wp-json\/wp\/v2\/media?parent=22031"}],"wp:term":[{"taxonomy":"category","embeddable":true,"href":"https:\/\/www.ayuntamientodeharia.com\/haria\/wp-json\/wp\/v2\/categories?post=22031"},{"taxonomy":"post_tag","embeddable":true,"href":"https:\/\/www.ayuntamientodeharia.com\/haria\/wp-json\/wp\/v2\/tags?post=22031"}],"curies":[{"name":"wp","href":"https:\/\/api.w.org\/{rel}","templated":true}]}}