{"id":22022,"date":"2021-11-26T16:15:55","date_gmt":"2021-11-26T16:15:55","guid":{"rendered":"https:\/\/www.ayuntamientodeharia.com\/haria\/?p=22022"},"modified":"2021-11-26T16:15:55","modified_gmt":"2021-11-26T16:15:55","slug":"adelanto-de-la-programacion-de-las-fiestas-de-maguez-en-honor-a-santa-barbara","status":"publish","type":"post","link":"https:\/\/www.ayuntamientodeharia.com\/haria\/adelanto-de-la-programacion-de-las-fiestas-de-maguez-en-honor-a-santa-barbara\/","title":{"rendered":"Adelanto de la programaci\u00f3n de las Fiestas de M\u00e1guez en Honor a Santa B\u00e1rbara"},"content":{"rendered":"<p>El Ayuntamiento de Har\u00eda, a trav\u00e9s del \u00e1rea de Festejos, que coordina Alejandro Hern\u00e1ndez, adelanta la programaci\u00f3n de las Fiestas de M\u00e1guez en Honor a Santa B\u00e1rbara.<\/p>\n<p>PROGRAMACI\u00d3N<\/p>\n<p>S\u00e1bado, 4 DICIEMBRE<\/p>\n<p>11:30 horas. Misa en honor a Santa B\u00e1rbara.<\/p>\n<p>12:30 horas. Historias de Nuestro Tiempo. Narrativa con m\u00fasica para toda la familia con Vicky Dos Santos y Aar\u00f3n G\u00f3mez.<\/p>\n<p>Desde las 12:00 a 16:00 horas. Exposici\u00f3n de coches.<\/p>\n<p>17:00 horas. Campeonato de Bola Mixta.<\/p>\n<p>19:00 horas. La casa del Senador, obra de teatro a cargo del grupo Ra\u00edces del Pueblo.<\/p>\n<p>El aforo de los actos y actividades es limitado, por lo que la participaci\u00f3n ser\u00e1 con inscripci\u00f3n previa a partir del martes 30 de noviembre, de 12:00 a 14:00 horas y de 18:00 a 20:00 horas.<\/p>\n<p>Los interesados en participar deben hacerlo enviando un WhatsApp al tel\u00e9fono 609 435 595.<\/p>\n","protected":false},"excerpt":{"rendered":"<p>El Ayuntamiento de Har\u00eda, a trav\u00e9s del \u00e1rea de Festejos, que coordina Alejandro Hern\u00e1ndez, adelanta la programaci\u00f3n de las Fiestas de M\u00e1guez en Honor a Santa B\u00e1rbara. PROGRAMACI\u00d3N S\u00e1bado, 4 DICIEMBRE 11:30 horas. Misa en honor a Santa B\u00e1rbara. 12:30 horas. Historias de Nuestro Tiempo. Narrativa con m\u00fasica para toda la familia con Vicky Dos [&hellip;]<\/p>\n","protected":false},"author":13,"featured_media":0,"comment_status":"closed","ping_status":"closed","sticky":false,"template":"","format":"standard","meta":{"footnotes":""},"categories":[32],"tags":[952,569],"class_list":["post-22022","post","type-post","status-publish","format-standard","hentry","category-anuncios","tag-fiestas","tag-maguez"],"_links":{"self":[{"href":"https:\/\/www.ayuntamientodeharia.com\/haria\/wp-json\/wp\/v2\/posts\/22022","targetHints":{"allow":["GET"]}}],"collection":[{"href":"https:\/\/www.ayuntamientodeharia.com\/haria\/wp-json\/wp\/v2\/posts"}],"about":[{"href":"https:\/\/www.ayuntamientodeharia.com\/haria\/wp-json\/wp\/v2\/types\/post"}],"author":[{"embeddable":true,"href":"https:\/\/www.ayuntamientodeharia.com\/haria\/wp-json\/wp\/v2\/users\/13"}],"replies":[{"embeddable":true,"href":"https:\/\/www.ayuntamientodeharia.com\/haria\/wp-json\/wp\/v2\/comments?post=22022"}],"version-history":[{"count":1,"href":"https:\/\/www.ayuntamientodeharia.com\/haria\/wp-json\/wp\/v2\/posts\/22022\/revisions"}],"predecessor-version":[{"id":22023,"href":"https:\/\/www.ayuntamientodeharia.com\/haria\/wp-json\/wp\/v2\/posts\/22022\/revisions\/22023"}],"wp:attachment":[{"href":"https:\/\/www.ayuntamientodeharia.com\/haria\/wp-json\/wp\/v2\/media?parent=22022"}],"wp:term":[{"taxonomy":"category","embeddable":true,"href":"https:\/\/www.ayuntamientodeharia.com\/haria\/wp-json\/wp\/v2\/categories?post=22022"},{"taxonomy":"post_tag","embeddable":true,"href":"https:\/\/www.ayuntamientodeharia.com\/haria\/wp-json\/wp\/v2\/tags?post=22022"}],"curies":[{"name":"wp","href":"https:\/\/api.w.org\/{rel}","templated":true}]}}