{"id":22011,"date":"2021-11-26T16:06:34","date_gmt":"2021-11-26T16:06:34","guid":{"rendered":"https:\/\/www.ayuntamientodeharia.com\/haria\/?p=22011"},"modified":"2021-11-26T16:06:34","modified_gmt":"2021-11-26T16:06:34","slug":"haria-conmemora-el-dia-internacional-de-la-eliminacion-de-la-violencia-contra-la-mujer","status":"publish","type":"post","link":"https:\/\/www.ayuntamientodeharia.com\/haria\/haria-conmemora-el-dia-internacional-de-la-eliminacion-de-la-violencia-contra-la-mujer\/","title":{"rendered":"Har\u00eda conmemora el D\u00eda Internacional de la Eliminaci\u00f3n de la Violencia contra la Mujer"},"content":{"rendered":"<p>El Ayuntamiento de Har\u00eda se sum\u00f3 los actos realizados en el IES Har\u00eda con motivo de la conmemoraci\u00f3n del D\u00eda Internacional de la Eliminaci\u00f3n de la Violencia contra la Mujer que se celebra anualmente el\u00a025 de noviembre en todo el mundo.<\/p>\n<p>Los miembros del Consistorio norte\u00f1o leyeron la declaraci\u00f3n institucional en un gesto simb\u00f3lico para denunciar la violencia que se ejerce sobre las mujeres en todo el mundo y reclamar en todos los pa\u00edses pol\u00edticas concretas y reales para su erradicaci\u00f3n.<\/p>\n<p>El Ayuntamiento y los miembros que forman esta instituci\u00f3n, han sumado sus voces a la de la inmensa mayor\u00eda de la sociedad que muestra el contundente rechazo hacia cualquiera de las m\u00faltiples formas de violencia machista\u00a0que son ejercidas contra las mujeres por el mero hecho de serlo.<\/p>\n<p>Asimismo, el IES Har\u00eda es el sitio ideal para trasladar el mensaje apuntando a la educaci\u00f3n y la sensibilizaci\u00f3n como claves para cambiar la mentalidad de las nuevas generaciones.<\/p>\n","protected":false},"excerpt":{"rendered":"<p>El Ayuntamiento de Har\u00eda se sum\u00f3 los actos realizados en el IES Har\u00eda con motivo de la conmemoraci\u00f3n del D\u00eda Internacional de la Eliminaci\u00f3n de la Violencia contra la Mujer que se celebra anualmente el\u00a025 de noviembre en todo el mundo. Los miembros del Consistorio norte\u00f1o leyeron la declaraci\u00f3n institucional en un gesto simb\u00f3lico para [&hellip;]<\/p>\n","protected":false},"author":13,"featured_media":22012,"comment_status":"closed","ping_status":"closed","sticky":false,"template":"","format":"standard","meta":{"footnotes":""},"categories":[30],"tags":[780,708,1086,1087],"class_list":["post-22011","post","type-post","status-publish","format-standard","has-post-thumbnail","hentry","category-igualdad","tag-ies-haria","tag-igualdad","tag-mujer","tag-violencia"],"_links":{"self":[{"href":"https:\/\/www.ayuntamientodeharia.com\/haria\/wp-json\/wp\/v2\/posts\/22011","targetHints":{"allow":["GET"]}}],"collection":[{"href":"https:\/\/www.ayuntamientodeharia.com\/haria\/wp-json\/wp\/v2\/posts"}],"about":[{"href":"https:\/\/www.ayuntamientodeharia.com\/haria\/wp-json\/wp\/v2\/types\/post"}],"author":[{"embeddable":true,"href":"https:\/\/www.ayuntamientodeharia.com\/haria\/wp-json\/wp\/v2\/users\/13"}],"replies":[{"embeddable":true,"href":"https:\/\/www.ayuntamientodeharia.com\/haria\/wp-json\/wp\/v2\/comments?post=22011"}],"version-history":[{"count":1,"href":"https:\/\/www.ayuntamientodeharia.com\/haria\/wp-json\/wp\/v2\/posts\/22011\/revisions"}],"predecessor-version":[{"id":22013,"href":"https:\/\/www.ayuntamientodeharia.com\/haria\/wp-json\/wp\/v2\/posts\/22011\/revisions\/22013"}],"wp:featuredmedia":[{"embeddable":true,"href":"https:\/\/www.ayuntamientodeharia.com\/haria\/wp-json\/wp\/v2\/media\/22012"}],"wp:attachment":[{"href":"https:\/\/www.ayuntamientodeharia.com\/haria\/wp-json\/wp\/v2\/media?parent=22011"}],"wp:term":[{"taxonomy":"category","embeddable":true,"href":"https:\/\/www.ayuntamientodeharia.com\/haria\/wp-json\/wp\/v2\/categories?post=22011"},{"taxonomy":"post_tag","embeddable":true,"href":"https:\/\/www.ayuntamientodeharia.com\/haria\/wp-json\/wp\/v2\/tags?post=22011"}],"curies":[{"name":"wp","href":"https:\/\/api.w.org\/{rel}","templated":true}]}}