{"id":21749,"date":"2021-10-01T13:33:54","date_gmt":"2021-10-01T13:33:54","guid":{"rendered":"https:\/\/www.ayuntamientodeharia.com\/haria\/?p=21749"},"modified":"2021-10-01T13:33:54","modified_gmt":"2021-10-01T13:33:54","slug":"el-ayuntamiento-exige-a-las-administraciones-publicas-acciones-inmediatas-para-frenar-la-avalancha-de-pateras-en-lanzarote","status":"publish","type":"post","link":"https:\/\/www.ayuntamientodeharia.com\/haria\/el-ayuntamiento-exige-a-las-administraciones-publicas-acciones-inmediatas-para-frenar-la-avalancha-de-pateras-en-lanzarote\/","title":{"rendered":"El Ayuntamiento exige a las Administraciones P\u00fablicas acciones inmediatas para frenar la avalancha de pateras en Lanzarote"},"content":{"rendered":"<h5><strong>La alcaldesa Chaxiraxi Niz advierte la falta de recursos del municipio para hacer frente a esta crisis migratoria y denuncia que la mala gesti\u00f3n del Gobierno de Espa\u00f1a est\u00e1 perjudicando a los vecinos y vecinas norte\u00f1as<\/strong><\/h5>\n<p>El Ayuntamiento de Har\u00eda vuelve a exigir al Gobierno de Espa\u00f1a y de Canarias acciones urgentes para detener una nueva avalancha de pateras en Lanzarote, tras 24 horas en las que han arribado 15 embarcaciones con m\u00e1s de 400 personas a bordo, unas 270 solo hoy.<\/p>\n<p>La alcaldesa de Har\u00eda, Chaxiraxi Niz, advierte nuevamente la falta de recursos de un municipio peque\u00f1o para hacer frente al repunte de esta crisis migratoria, puesto que el Consistorio se est\u00e1 haciendo cargo de la retirada de las pateras, y denuncia que la mala gesti\u00f3n de las administraciones p\u00fablicas pertinentes est\u00e1 perjudicando a los vecinos y vecinas del norte de la Isla.<\/p>\n<p>\u201cDefendemos la solidaridad que merecen estas personas y la necesidad de atenderlas de forma humana, y a la vez, desde el Ayuntamiento tenemos la obligaci\u00f3n de velar por los intereses de nuestra poblaci\u00f3n. Es inadmisible la dejadez de las instituciones ante este drama humanitario y, en este sentido, pedimos que se act\u00fae de forma inmediata en origen para que estas embarcaciones dejen de salir de forma irregular de sus pa\u00edses\u201d, insiste la alcaldesa.<\/p>\n<p>\u201cEl pueblo lanzarote\u00f1o est\u00e1 demostrando, como siempre, su solidaridad con estas personas que sufren las consecuencias del abandono de los gobiernos de sus pa\u00edses y del nuestro. Por culpa de ello hemos tenido que lamentar fallecimientos y numerosas hospitalizaciones y, mientras m\u00e1s se siga permitiendo la llegada de estas pateras, menos recursos nos quedan para atender a hombres, mujeres y ni\u00f1os que sufren buscando un futuro\u201d, lamenta Niz.<\/p>\n<p>\u201cLas derivaciones y activaci\u00f3n del radar SIVE son medidas necesarias, pero no resolver\u00edan el problema. El Estado debe crear urgentemente pol\u00edticas migratorias que traten el asunto en origen y detengan las operaciones descontroladas de las mafias culpables de esta crisis.<\/p>\n<p>\u201cLas derivaciones y activaci\u00f3n del radar SIVE son medidas necesarias, pero no resolver\u00edan el problema. El Estado debe crear urgentemente pol\u00edticas migratorias que traten el asunto en origen y detengan las operaciones descontroladas de las mafias culpables de esta crisis. Desde Espa\u00f1a, no podemos ser c\u00f3mplices de este drama humanitario, convirtiendo Canarias en una \u2018prisi\u00f3n\u2019 para los migrantes\u201d, apostilla la regidora.<\/p>\n","protected":false},"excerpt":{"rendered":"<p>La alcaldesa Chaxiraxi Niz advierte la falta de recursos del municipio para hacer frente a esta crisis migratoria y denuncia que la mala gesti\u00f3n del Gobierno de Espa\u00f1a est\u00e1 perjudicando a los vecinos y vecinas norte\u00f1as El Ayuntamiento de Har\u00eda vuelve a exigir al Gobierno de Espa\u00f1a y de Canarias acciones urgentes para detener una [&hellip;]<\/p>\n","protected":false},"author":13,"featured_media":21750,"comment_status":"closed","ping_status":"closed","sticky":false,"template":"","format":"standard","meta":{"footnotes":""},"categories":[73,425,11],"tags":[464,1008],"class_list":["post-21749","post","type-post","status-publish","format-standard","has-post-thumbnail","hentry","category-alcaldia","category-destacado","category-hoja-de-haria","tag-haria","tag-pateras"],"_links":{"self":[{"href":"https:\/\/www.ayuntamientodeharia.com\/haria\/wp-json\/wp\/v2\/posts\/21749","targetHints":{"allow":["GET"]}}],"collection":[{"href":"https:\/\/www.ayuntamientodeharia.com\/haria\/wp-json\/wp\/v2\/posts"}],"about":[{"href":"https:\/\/www.ayuntamientodeharia.com\/haria\/wp-json\/wp\/v2\/types\/post"}],"author":[{"embeddable":true,"href":"https:\/\/www.ayuntamientodeharia.com\/haria\/wp-json\/wp\/v2\/users\/13"}],"replies":[{"embeddable":true,"href":"https:\/\/www.ayuntamientodeharia.com\/haria\/wp-json\/wp\/v2\/comments?post=21749"}],"version-history":[{"count":1,"href":"https:\/\/www.ayuntamientodeharia.com\/haria\/wp-json\/wp\/v2\/posts\/21749\/revisions"}],"predecessor-version":[{"id":21751,"href":"https:\/\/www.ayuntamientodeharia.com\/haria\/wp-json\/wp\/v2\/posts\/21749\/revisions\/21751"}],"wp:featuredmedia":[{"embeddable":true,"href":"https:\/\/www.ayuntamientodeharia.com\/haria\/wp-json\/wp\/v2\/media\/21750"}],"wp:attachment":[{"href":"https:\/\/www.ayuntamientodeharia.com\/haria\/wp-json\/wp\/v2\/media?parent=21749"}],"wp:term":[{"taxonomy":"category","embeddable":true,"href":"https:\/\/www.ayuntamientodeharia.com\/haria\/wp-json\/wp\/v2\/categories?post=21749"},{"taxonomy":"post_tag","embeddable":true,"href":"https:\/\/www.ayuntamientodeharia.com\/haria\/wp-json\/wp\/v2\/tags?post=21749"}],"curies":[{"name":"wp","href":"https:\/\/api.w.org\/{rel}","templated":true}]}}