{"id":21735,"date":"2021-10-01T13:19:24","date_gmt":"2021-10-01T13:19:24","guid":{"rendered":"https:\/\/www.ayuntamientodeharia.com\/haria\/?p=21735"},"modified":"2021-10-01T13:19:24","modified_gmt":"2021-10-01T13:19:24","slug":"el-punto-joven-organiza-la-ruta-costa-de-mala-circular","status":"publish","type":"post","link":"https:\/\/www.ayuntamientodeharia.com\/haria\/el-punto-joven-organiza-la-ruta-costa-de-mala-circular\/","title":{"rendered":"El Punto Joven organiza la ruta \u2018Costa de Mala-Circular\u2019"},"content":{"rendered":"<p>El Ayuntamiento de Har\u00eda, a trav\u00e9s del Departamento de Juventud, que coordina Evelia Garc\u00eda, llevar\u00e1 a cabo el pr\u00f3ximo s\u00e1bado, 9 de octubre, una nueva edici\u00f3n de las caminatas Senderismo 4 Estaciones. La ruta \u2018Costa de Mala-Circular\u2019 arrancar\u00e1 a las 8:30 horas desde la Iglesia de Mala, finalizando en el punto de inicio.<\/p>\n<p>La concejala de Juventud, Evelia Garc\u00eda, explica que el recorrido ser\u00e1 desde el punto de inicio, hacia el este, llegando a la costa, desde donde se\u00a0bordear\u00e1 hasta Charco del Palo, para volver al punto de inicio.<\/p>\n<p>El recorrido tendr\u00e1 una duraci\u00f3n de tres horas y media y la dificultad f\u00edsica media. Las personas asistentes tienen que llevar agua, linterna, ropa y calzado adecuado y c\u00f3modo. Los menores de 12 a\u00f1os deber\u00e1n ir acompa\u00f1ados por un adulto.<\/p>\n<p>Las personas interesadas deber\u00e1n inscribirse a partir del lunes 4 de octubre a las 8:00 horas\u00a0 en la Agenda de la web juventudharia.es, las plazas son limitadas y se ir\u00e1n cubriendo por orden de inscripci\u00f3n. Para m\u00e1s informaci\u00f3n pueden contactar en el tel\u00e9fono 637893535 o en\u00a0 <a href=\"mailto:juventud@ayuntamientodeharia.com\">juventud@ayuntamientodeharia.com<\/a>.<\/p>\n","protected":false},"excerpt":{"rendered":"<p>El Ayuntamiento de Har\u00eda, a trav\u00e9s del Departamento de Juventud, que coordina Evelia Garc\u00eda, llevar\u00e1 a cabo el pr\u00f3ximo s\u00e1bado, 9 de octubre, una nueva edici\u00f3n de las caminatas Senderismo 4 Estaciones. La ruta \u2018Costa de Mala-Circular\u2019 arrancar\u00e1 a las 8:30 horas desde la Iglesia de Mala, finalizando en el punto de inicio. La concejala [&hellip;]<\/p>\n","protected":false},"author":13,"featured_media":21736,"comment_status":"closed","ping_status":"closed","sticky":false,"template":"","format":"standard","meta":{"footnotes":""},"categories":[11],"tags":[1002,464,1003,698],"class_list":["post-21735","post","type-post","status-publish","format-standard","has-post-thumbnail","hentry","category-hoja-de-haria","tag-costa-de-mala","tag-haria","tag-ruta","tag-senderismo"],"_links":{"self":[{"href":"https:\/\/www.ayuntamientodeharia.com\/haria\/wp-json\/wp\/v2\/posts\/21735","targetHints":{"allow":["GET"]}}],"collection":[{"href":"https:\/\/www.ayuntamientodeharia.com\/haria\/wp-json\/wp\/v2\/posts"}],"about":[{"href":"https:\/\/www.ayuntamientodeharia.com\/haria\/wp-json\/wp\/v2\/types\/post"}],"author":[{"embeddable":true,"href":"https:\/\/www.ayuntamientodeharia.com\/haria\/wp-json\/wp\/v2\/users\/13"}],"replies":[{"embeddable":true,"href":"https:\/\/www.ayuntamientodeharia.com\/haria\/wp-json\/wp\/v2\/comments?post=21735"}],"version-history":[{"count":1,"href":"https:\/\/www.ayuntamientodeharia.com\/haria\/wp-json\/wp\/v2\/posts\/21735\/revisions"}],"predecessor-version":[{"id":21737,"href":"https:\/\/www.ayuntamientodeharia.com\/haria\/wp-json\/wp\/v2\/posts\/21735\/revisions\/21737"}],"wp:featuredmedia":[{"embeddable":true,"href":"https:\/\/www.ayuntamientodeharia.com\/haria\/wp-json\/wp\/v2\/media\/21736"}],"wp:attachment":[{"href":"https:\/\/www.ayuntamientodeharia.com\/haria\/wp-json\/wp\/v2\/media?parent=21735"}],"wp:term":[{"taxonomy":"category","embeddable":true,"href":"https:\/\/www.ayuntamientodeharia.com\/haria\/wp-json\/wp\/v2\/categories?post=21735"},{"taxonomy":"post_tag","embeddable":true,"href":"https:\/\/www.ayuntamientodeharia.com\/haria\/wp-json\/wp\/v2\/tags?post=21735"}],"curies":[{"name":"wp","href":"https:\/\/api.w.org\/{rel}","templated":true}]}}