{"id":21732,"date":"2021-10-01T13:16:59","date_gmt":"2021-10-01T13:16:59","guid":{"rendered":"https:\/\/www.ayuntamientodeharia.com\/haria\/?p=21732"},"modified":"2021-10-01T13:16:59","modified_gmt":"2021-10-01T13:16:59","slug":"haria-organiza-un-viaje-a-corralejo-por-el-dia-internacional-de-las-personas-mayores","status":"publish","type":"post","link":"https:\/\/www.ayuntamientodeharia.com\/haria\/haria-organiza-un-viaje-a-corralejo-por-el-dia-internacional-de-las-personas-mayores\/","title":{"rendered":"Har\u00eda organiza un viaje a Corralejo por el D\u00eda Internacional de las Personas Mayores"},"content":{"rendered":"<p>El Ayuntamiento de Har\u00eda, a trav\u00e9s del \u00e1rea de Mayores, que coordina Chaxiraxi Niz, organiza un viaje a Corralejo, Fuerteventura, en conmemoraci\u00f3n del D\u00eda Internacional de las Personas Mayores. Este tendr\u00e1 lugar entre el 22 y el 24 de octubre y est\u00e1 dirigido a personas mayores de 65 a\u00f1os del municipio.<\/p>\n<p>La alcaldesa de Har\u00eda, Chaxiraxi Niz, explica adem\u00e1s que esta salida ser\u00e1 en r\u00e9gimen de \u2018todo incluido\u2019 y se\u00f1ala la importancia de realizar actividades que estimulen a un colectivo cuya salud se ha visto muy perjudicada por las restricciones de movilidad de la pandemia.<\/p>\n<p>Las plazas ser\u00e1n limitadas. Para inscripciones e informaci\u00f3n, pueden llamar al 928835633, entre las 9:00 y las 14:00 horas, de lunes a viernes.<\/p>\n","protected":false},"excerpt":{"rendered":"<p>El Ayuntamiento de Har\u00eda, a trav\u00e9s del \u00e1rea de Mayores, que coordina Chaxiraxi Niz, organiza un viaje a Corralejo, Fuerteventura, en conmemoraci\u00f3n del D\u00eda Internacional de las Personas Mayores. Este tendr\u00e1 lugar entre el 22 y el 24 de octubre y est\u00e1 dirigido a personas mayores de 65 a\u00f1os del municipio. La alcaldesa de Har\u00eda, [&hellip;]<\/p>\n","protected":false},"author":13,"featured_media":21733,"comment_status":"closed","ping_status":"closed","sticky":false,"template":"","format":"standard","meta":{"footnotes":""},"categories":[73,187,11,61],"tags":[1000,1001,464,627,999],"class_list":["post-21732","post","type-post","status-publish","format-standard","has-post-thumbnail","hentry","category-alcaldia","category-bienestar-social","category-hoja-de-haria","category-tercera-edad","tag-corralejo","tag-dia-internacional-de-las-personas-mayores","tag-haria","tag-mayores","tag-viaje"],"_links":{"self":[{"href":"https:\/\/www.ayuntamientodeharia.com\/haria\/wp-json\/wp\/v2\/posts\/21732","targetHints":{"allow":["GET"]}}],"collection":[{"href":"https:\/\/www.ayuntamientodeharia.com\/haria\/wp-json\/wp\/v2\/posts"}],"about":[{"href":"https:\/\/www.ayuntamientodeharia.com\/haria\/wp-json\/wp\/v2\/types\/post"}],"author":[{"embeddable":true,"href":"https:\/\/www.ayuntamientodeharia.com\/haria\/wp-json\/wp\/v2\/users\/13"}],"replies":[{"embeddable":true,"href":"https:\/\/www.ayuntamientodeharia.com\/haria\/wp-json\/wp\/v2\/comments?post=21732"}],"version-history":[{"count":1,"href":"https:\/\/www.ayuntamientodeharia.com\/haria\/wp-json\/wp\/v2\/posts\/21732\/revisions"}],"predecessor-version":[{"id":21734,"href":"https:\/\/www.ayuntamientodeharia.com\/haria\/wp-json\/wp\/v2\/posts\/21732\/revisions\/21734"}],"wp:featuredmedia":[{"embeddable":true,"href":"https:\/\/www.ayuntamientodeharia.com\/haria\/wp-json\/wp\/v2\/media\/21733"}],"wp:attachment":[{"href":"https:\/\/www.ayuntamientodeharia.com\/haria\/wp-json\/wp\/v2\/media?parent=21732"}],"wp:term":[{"taxonomy":"category","embeddable":true,"href":"https:\/\/www.ayuntamientodeharia.com\/haria\/wp-json\/wp\/v2\/categories?post=21732"},{"taxonomy":"post_tag","embeddable":true,"href":"https:\/\/www.ayuntamientodeharia.com\/haria\/wp-json\/wp\/v2\/tags?post=21732"}],"curies":[{"name":"wp","href":"https:\/\/api.w.org\/{rel}","templated":true}]}}