{"id":21729,"date":"2021-10-01T13:14:37","date_gmt":"2021-10-01T13:14:37","guid":{"rendered":"https:\/\/www.ayuntamientodeharia.com\/haria\/?p=21729"},"modified":"2021-10-01T13:14:37","modified_gmt":"2021-10-01T13:14:37","slug":"haria-felicita-a-los-jovenes-lanzarotenos-clasificados-para-el-campeonato-de-espana-escolar-de-carrera-de-orientacion","status":"publish","type":"post","link":"https:\/\/www.ayuntamientodeharia.com\/haria\/haria-felicita-a-los-jovenes-lanzarotenos-clasificados-para-el-campeonato-de-espana-escolar-de-carrera-de-orientacion\/","title":{"rendered":"Har\u00eda felicita a los j\u00f3venes lanzarote\u00f1os clasificados para el Campeonato de Espa\u00f1a Escolar de Carrera de Orientaci\u00f3n"},"content":{"rendered":"<p>Los departamentos de Juventud y de Educaci\u00f3n del Ayuntamiento de Har\u00eda, coordinados por Evelia Garc\u00eda, dentro del proyecto Recr\u00e9ate y como parte del Club de Orientaci\u00f3n Har\u00eda, comprometidos y colaboradores con el proyecto, felicitan a los alumnos y alumnas que participaron el pasado fin de semana en el Campeonato de Canarias Escolar de Carrera de Orientaci\u00f3n.<\/p>\n<p>La alcaldesa de Har\u00eda, Chaxiraxi Niz, y la concejala Evelia Garc\u00eda transmiten en nombre de la Corporaci\u00f3n su enhorabuena por la gran participaci\u00f3n y desean \u201cla mejor de las suertes en el campeonato a nivel nacional\u201d.<\/p>\n<p>Unai Manchado, Catalina Hoppe, \u00c1ngel Marrero, Gustavo Adolfo Navarro, Diego Fern\u00e1ndez y Sara Mart\u00ednez acudir\u00e1n el pr\u00f3ximo 15 de octubre a Arag\u00f3n para representar a Har\u00eda y a la Isla en esta competici\u00f3n.<\/p>\n","protected":false},"excerpt":{"rendered":"<p>Los departamentos de Juventud y de Educaci\u00f3n del Ayuntamiento de Har\u00eda, coordinados por Evelia Garc\u00eda, dentro del proyecto Recr\u00e9ate y como parte del Club de Orientaci\u00f3n Har\u00eda, comprometidos y colaboradores con el proyecto, felicitan a los alumnos y alumnas que participaron el pasado fin de semana en el Campeonato de Canarias Escolar de Carrera de [&hellip;]<\/p>\n","protected":false},"author":13,"featured_media":21730,"comment_status":"closed","ping_status":"closed","sticky":false,"template":"","format":"standard","meta":{"footnotes":""},"categories":[19,11],"tags":[998,498,464,535,493],"class_list":["post-21729","post","type-post","status-publish","format-standard","has-post-thumbnail","hentry","category-formacion","category-hoja-de-haria","tag-carrera-de-orientacion","tag-educacion","tag-haria","tag-juventud","tag-lanzarote"],"_links":{"self":[{"href":"https:\/\/www.ayuntamientodeharia.com\/haria\/wp-json\/wp\/v2\/posts\/21729","targetHints":{"allow":["GET"]}}],"collection":[{"href":"https:\/\/www.ayuntamientodeharia.com\/haria\/wp-json\/wp\/v2\/posts"}],"about":[{"href":"https:\/\/www.ayuntamientodeharia.com\/haria\/wp-json\/wp\/v2\/types\/post"}],"author":[{"embeddable":true,"href":"https:\/\/www.ayuntamientodeharia.com\/haria\/wp-json\/wp\/v2\/users\/13"}],"replies":[{"embeddable":true,"href":"https:\/\/www.ayuntamientodeharia.com\/haria\/wp-json\/wp\/v2\/comments?post=21729"}],"version-history":[{"count":1,"href":"https:\/\/www.ayuntamientodeharia.com\/haria\/wp-json\/wp\/v2\/posts\/21729\/revisions"}],"predecessor-version":[{"id":21731,"href":"https:\/\/www.ayuntamientodeharia.com\/haria\/wp-json\/wp\/v2\/posts\/21729\/revisions\/21731"}],"wp:featuredmedia":[{"embeddable":true,"href":"https:\/\/www.ayuntamientodeharia.com\/haria\/wp-json\/wp\/v2\/media\/21730"}],"wp:attachment":[{"href":"https:\/\/www.ayuntamientodeharia.com\/haria\/wp-json\/wp\/v2\/media?parent=21729"}],"wp:term":[{"taxonomy":"category","embeddable":true,"href":"https:\/\/www.ayuntamientodeharia.com\/haria\/wp-json\/wp\/v2\/categories?post=21729"},{"taxonomy":"post_tag","embeddable":true,"href":"https:\/\/www.ayuntamientodeharia.com\/haria\/wp-json\/wp\/v2\/tags?post=21729"}],"curies":[{"name":"wp","href":"https:\/\/api.w.org\/{rel}","templated":true}]}}