{"id":21726,"date":"2021-10-01T13:08:34","date_gmt":"2021-10-01T13:08:34","guid":{"rendered":"https:\/\/www.ayuntamientodeharia.com\/haria\/?p=21726"},"modified":"2021-10-01T13:08:34","modified_gmt":"2021-10-01T13:08:34","slug":"la-skuela-skate-haria-2021-comienza-el-horario-de-otono","status":"publish","type":"post","link":"https:\/\/www.ayuntamientodeharia.com\/haria\/la-skuela-skate-haria-2021-comienza-el-horario-de-otono\/","title":{"rendered":"La Skuela Skate Har\u00eda 2021 comienza el horario de oto\u00f1o"},"content":{"rendered":"<p>El Ayuntamiento de Har\u00eda informa que, a partir del lunes, 4 de octubre, la Skuela de Skate de Har\u00eda 2021 comienza con el horario de oto\u00f1o, pasando las clases del primer turno de 16:00 a 17:00 horas y de 17:00 a 18:00 horas el segundo turno.<\/p>\n<p>El departamento de Juventud del Ayuntamiento de Har\u00eda, coordinado por Evelia Garc\u00eda, est\u00e1 ejecutando\u00a0 este proyecto\u00a0 desde el 5 de abril en la Rampa de Skate ubicada en la Playa de La Garita en Arrieta. Cada turno de clases cuenta con dos monitores y los dos grupos de Skate tendr\u00e1n plazas limitadas y control de aforo.<\/p>\n<p>Las clases son gratuitas y cada alumno ha de llevar su skate y sus protecciones. Para poder llevar a cabo la actividad con seguridad sanitaria todos los participantes tienen que hacer uso de la mascarilla obligatoria a la llegada al punto de encuentro y siempre y cuando no se guarde la distancia de seguridad de 1,5 metros durante la actividad.<\/p>\n<p>Para m\u00e1s informaci\u00f3n, pueden visitar la zona de Skate los d\u00edas de clase y preguntar a los monitores o a trav\u00e9s de la Agenda de nuestra web: juventudharia.es, o contactando con el 637893535 o con el correo <a href=\"mailto:juventud@ayuntamientodeharia.com\">juventud@ayuntamientodeharia.com<\/a>.<\/p>\n","protected":false},"excerpt":{"rendered":"<p>El Ayuntamiento de Har\u00eda informa que, a partir del lunes, 4 de octubre, la Skuela de Skate de Har\u00eda 2021 comienza con el horario de oto\u00f1o, pasando las clases del primer turno de 16:00 a 17:00 horas y de 17:00 a 18:00 horas el segundo turno. El departamento de Juventud del Ayuntamiento de Har\u00eda, coordinado [&hellip;]<\/p>\n","protected":false},"author":13,"featured_media":21727,"comment_status":"closed","ping_status":"closed","sticky":false,"template":"","format":"standard","meta":{"footnotes":""},"categories":[11,25],"tags":[464,538,997,706,707],"class_list":["post-21726","post","type-post","status-publish","format-standard","has-post-thumbnail","hentry","category-hoja-de-haria","category-juventud","tag-haria","tag-horario","tag-otono","tag-skate","tag-skuela"],"_links":{"self":[{"href":"https:\/\/www.ayuntamientodeharia.com\/haria\/wp-json\/wp\/v2\/posts\/21726","targetHints":{"allow":["GET"]}}],"collection":[{"href":"https:\/\/www.ayuntamientodeharia.com\/haria\/wp-json\/wp\/v2\/posts"}],"about":[{"href":"https:\/\/www.ayuntamientodeharia.com\/haria\/wp-json\/wp\/v2\/types\/post"}],"author":[{"embeddable":true,"href":"https:\/\/www.ayuntamientodeharia.com\/haria\/wp-json\/wp\/v2\/users\/13"}],"replies":[{"embeddable":true,"href":"https:\/\/www.ayuntamientodeharia.com\/haria\/wp-json\/wp\/v2\/comments?post=21726"}],"version-history":[{"count":1,"href":"https:\/\/www.ayuntamientodeharia.com\/haria\/wp-json\/wp\/v2\/posts\/21726\/revisions"}],"predecessor-version":[{"id":21728,"href":"https:\/\/www.ayuntamientodeharia.com\/haria\/wp-json\/wp\/v2\/posts\/21726\/revisions\/21728"}],"wp:featuredmedia":[{"embeddable":true,"href":"https:\/\/www.ayuntamientodeharia.com\/haria\/wp-json\/wp\/v2\/media\/21727"}],"wp:attachment":[{"href":"https:\/\/www.ayuntamientodeharia.com\/haria\/wp-json\/wp\/v2\/media?parent=21726"}],"wp:term":[{"taxonomy":"category","embeddable":true,"href":"https:\/\/www.ayuntamientodeharia.com\/haria\/wp-json\/wp\/v2\/categories?post=21726"},{"taxonomy":"post_tag","embeddable":true,"href":"https:\/\/www.ayuntamientodeharia.com\/haria\/wp-json\/wp\/v2\/tags?post=21726"}],"curies":[{"name":"wp","href":"https:\/\/api.w.org\/{rel}","templated":true}]}}