{"id":21723,"date":"2021-10-01T13:06:45","date_gmt":"2021-10-01T13:06:45","guid":{"rendered":"https:\/\/www.ayuntamientodeharia.com\/haria\/?p=21723"},"modified":"2021-10-01T13:06:45","modified_gmt":"2021-10-01T13:06:45","slug":"la-sala-teatro-la-tegala-acoge-la-presentacion-del-libro-plumas-en-el-corazon","status":"publish","type":"post","link":"https:\/\/www.ayuntamientodeharia.com\/haria\/la-sala-teatro-la-tegala-acoge-la-presentacion-del-libro-plumas-en-el-corazon\/","title":{"rendered":"La Sala Teatro \u2018La Tegala\u2019 acoge la presentaci\u00f3n del libro \u2018Plumas en el coraz\u00f3n\u2019"},"content":{"rendered":"<p>Este s\u00e1bado, 2 de octubre, la escritora Mar\u00eda Jos\u00e9 Gonz\u00e1lez D\u00edaz presentar\u00e1 en la Sala Teatro \u2018La Tegala\u2019 su nuevo libro, titulado \u2018Plumas en el coraz\u00f3n\u2019.<\/p>\n<p>A partir de las 12:00 horas, la autora dar\u00e1 a conocer una obra que relata las vivencias de una mujer altamente sensible e hiperemp\u00e1tica, regal\u00e1ndonos un mundo que se respira desde las emociones.<\/p>\n<p>Asimismo, en se\u00f1al de apoyo a la tragedia de La Palma, se da la oportunidad a los presentes de adquirir un segundo ejemplar, con el fin de donar la recaudaci\u00f3n de dichos segundos ejemplares vendidos a los afectados de la Isla Bonita.<\/p>\n<p>Las entradas est\u00e1n disponibles a trav\u00e9s de la Agenda de culturedharia.com. El aforo ser\u00e1 limitado.<\/p>\n","protected":false},"excerpt":{"rendered":"<p>Este s\u00e1bado, 2 de octubre, la escritora Mar\u00eda Jos\u00e9 Gonz\u00e1lez D\u00edaz presentar\u00e1 en la Sala Teatro \u2018La Tegala\u2019 su nuevo libro, titulado \u2018Plumas en el coraz\u00f3n\u2019. A partir de las 12:00 horas, la autora dar\u00e1 a conocer una obra que relata las vivencias de una mujer altamente sensible e hiperemp\u00e1tica, regal\u00e1ndonos un mundo que se [&hellip;]<\/p>\n","protected":false},"author":13,"featured_media":21724,"comment_status":"closed","ping_status":"closed","sticky":false,"template":"","format":"standard","meta":{"footnotes":""},"categories":[16,11],"tags":[464,846,996,995,845],"class_list":["post-21723","post","type-post","status-publish","format-standard","has-post-thumbnail","hentry","category-cultura","category-hoja-de-haria","tag-haria","tag-libro","tag-maria-jose-gonzalez-diaz","tag-plumas-en-el-corazon","tag-presentacion"],"_links":{"self":[{"href":"https:\/\/www.ayuntamientodeharia.com\/haria\/wp-json\/wp\/v2\/posts\/21723","targetHints":{"allow":["GET"]}}],"collection":[{"href":"https:\/\/www.ayuntamientodeharia.com\/haria\/wp-json\/wp\/v2\/posts"}],"about":[{"href":"https:\/\/www.ayuntamientodeharia.com\/haria\/wp-json\/wp\/v2\/types\/post"}],"author":[{"embeddable":true,"href":"https:\/\/www.ayuntamientodeharia.com\/haria\/wp-json\/wp\/v2\/users\/13"}],"replies":[{"embeddable":true,"href":"https:\/\/www.ayuntamientodeharia.com\/haria\/wp-json\/wp\/v2\/comments?post=21723"}],"version-history":[{"count":1,"href":"https:\/\/www.ayuntamientodeharia.com\/haria\/wp-json\/wp\/v2\/posts\/21723\/revisions"}],"predecessor-version":[{"id":21725,"href":"https:\/\/www.ayuntamientodeharia.com\/haria\/wp-json\/wp\/v2\/posts\/21723\/revisions\/21725"}],"wp:featuredmedia":[{"embeddable":true,"href":"https:\/\/www.ayuntamientodeharia.com\/haria\/wp-json\/wp\/v2\/media\/21724"}],"wp:attachment":[{"href":"https:\/\/www.ayuntamientodeharia.com\/haria\/wp-json\/wp\/v2\/media?parent=21723"}],"wp:term":[{"taxonomy":"category","embeddable":true,"href":"https:\/\/www.ayuntamientodeharia.com\/haria\/wp-json\/wp\/v2\/categories?post=21723"},{"taxonomy":"post_tag","embeddable":true,"href":"https:\/\/www.ayuntamientodeharia.com\/haria\/wp-json\/wp\/v2\/tags?post=21723"}],"curies":[{"name":"wp","href":"https:\/\/api.w.org\/{rel}","templated":true}]}}