{"id":21719,"date":"2021-10-01T13:04:50","date_gmt":"2021-10-01T13:04:50","guid":{"rendered":"https:\/\/www.ayuntamientodeharia.com\/haria\/?p=21719"},"modified":"2021-10-01T13:04:50","modified_gmt":"2021-10-01T13:04:50","slug":"la-escuela-municipal-de-karate-entrega-los-cinturones-negros-a-tres-de-sus-alumnas","status":"publish","type":"post","link":"https:\/\/www.ayuntamientodeharia.com\/haria\/la-escuela-municipal-de-karate-entrega-los-cinturones-negros-a-tres-de-sus-alumnas\/","title":{"rendered":"La Escuela Municipal de K\u00e1rate entrega los cinturones negros a tres de sus alumnas"},"content":{"rendered":"<p>La Escuela Municipal de K\u00e1rate hizo entrega el pasado lunes, 27 de septiembre, de los cinturones negros conseguidos por las alumnas Maya Marchesini Moro, Luc\u00eda Toledano Navarro y a Diana Marl\u00e9s Rosende.<\/p>\n<p>Asimismo, la Escuela comunica que ya se ha dado comienzo a la temporada 2021\/22 y que, debido a las medidas sanitarias y normativa a aplicar por el COVID-19, el aforo ser\u00e1 limitado, se guardar\u00e1 la distancia, y se tomar\u00e1n todas las medidas higi\u00e9nicas necesarias.<\/p>\n<p>La alcaldesa de Har\u00eda, Chaxiraxi Niz, y el concejal de Deportes, Alejandro Hern\u00e1ndez, transmiten en nombre de la Corporaci\u00f3n sus felicitaciones a las deportistas por este logro y al club por el gran trabajo y esfuerzo para seguir formando atletas en el municipio.<\/p>\n","protected":false},"excerpt":{"rendered":"<p>La Escuela Municipal de K\u00e1rate hizo entrega el pasado lunes, 27 de septiembre, de los cinturones negros conseguidos por las alumnas Maya Marchesini Moro, Luc\u00eda Toledano Navarro y a Diana Marl\u00e9s Rosende. Asimismo, la Escuela comunica que ya se ha dado comienzo a la temporada 2021\/22 y que, debido a las medidas sanitarias y normativa [&hellip;]<\/p>\n","protected":false},"author":13,"featured_media":21720,"comment_status":"closed","ping_status":"closed","sticky":false,"template":"","format":"standard","meta":{"footnotes":""},"categories":[17,11],"tags":[994,506,464,993],"class_list":["post-21719","post","type-post","status-publish","format-standard","has-post-thumbnail","hentry","category-deportes","category-hoja-de-haria","tag-cinturon-negro","tag-escuela","tag-haria","tag-karate"],"_links":{"self":[{"href":"https:\/\/www.ayuntamientodeharia.com\/haria\/wp-json\/wp\/v2\/posts\/21719","targetHints":{"allow":["GET"]}}],"collection":[{"href":"https:\/\/www.ayuntamientodeharia.com\/haria\/wp-json\/wp\/v2\/posts"}],"about":[{"href":"https:\/\/www.ayuntamientodeharia.com\/haria\/wp-json\/wp\/v2\/types\/post"}],"author":[{"embeddable":true,"href":"https:\/\/www.ayuntamientodeharia.com\/haria\/wp-json\/wp\/v2\/users\/13"}],"replies":[{"embeddable":true,"href":"https:\/\/www.ayuntamientodeharia.com\/haria\/wp-json\/wp\/v2\/comments?post=21719"}],"version-history":[{"count":2,"href":"https:\/\/www.ayuntamientodeharia.com\/haria\/wp-json\/wp\/v2\/posts\/21719\/revisions"}],"predecessor-version":[{"id":21722,"href":"https:\/\/www.ayuntamientodeharia.com\/haria\/wp-json\/wp\/v2\/posts\/21719\/revisions\/21722"}],"wp:featuredmedia":[{"embeddable":true,"href":"https:\/\/www.ayuntamientodeharia.com\/haria\/wp-json\/wp\/v2\/media\/21720"}],"wp:attachment":[{"href":"https:\/\/www.ayuntamientodeharia.com\/haria\/wp-json\/wp\/v2\/media?parent=21719"}],"wp:term":[{"taxonomy":"category","embeddable":true,"href":"https:\/\/www.ayuntamientodeharia.com\/haria\/wp-json\/wp\/v2\/categories?post=21719"},{"taxonomy":"post_tag","embeddable":true,"href":"https:\/\/www.ayuntamientodeharia.com\/haria\/wp-json\/wp\/v2\/tags?post=21719"}],"curies":[{"name":"wp","href":"https:\/\/api.w.org\/{rel}","templated":true}]}}