{"id":21580,"date":"2021-09-17T12:24:54","date_gmt":"2021-09-17T12:24:54","guid":{"rendered":"https:\/\/www.ayuntamientodeharia.com\/haria\/?p=21580"},"modified":"2021-09-17T12:45:29","modified_gmt":"2021-09-17T12:45:29","slug":"el-ayuntamiento-ya-esta-tramitando-las-subvenciones-nominadas-para-colectivos-de-haria","status":"publish","type":"post","link":"https:\/\/www.ayuntamientodeharia.com\/haria\/el-ayuntamiento-ya-esta-tramitando-las-subvenciones-nominadas-para-colectivos-de-haria\/","title":{"rendered":"El Ayuntamiento ya est\u00e1 tramitando las subvenciones nominadas para colectivos de Har\u00eda"},"content":{"rendered":"<p>El Ayuntamiento de Har\u00eda ya ha comenzado con la tramitaci\u00f3n de las subvenciones nominadas del Consistorio para colectivos del municipio.<\/p>\n<p>&nbsp;<\/p>\n<p>De esta manera, aquellas organizaciones que tengan adjudicada alguna prestaci\u00f3n, tienen hasta el 30 de septiembre para tramitarlas, a excepci\u00f3n de las escuelas deportivas, que tienen de plazo hasta el 31 de diciembre.<\/p>\n","protected":false},"excerpt":{"rendered":"<p>El Ayuntamiento de Har\u00eda ya ha comenzado con la tramitaci\u00f3n de las subvenciones nominadas del Consistorio para colectivos del municipio. &nbsp; De esta manera, aquellas organizaciones que tengan adjudicada alguna prestaci\u00f3n, tienen hasta el 30 de septiembre para tramitarlas, a excepci\u00f3n de las escuelas deportivas, que tienen de plazo hasta el 31 de diciembre.<\/p>\n","protected":false},"author":13,"featured_media":20903,"comment_status":"closed","ping_status":"closed","sticky":false,"template":"","format":"standard","meta":{"footnotes":""},"categories":[425,11],"tags":[466,979,78],"class_list":["post-21580","post","type-post","status-publish","format-standard","has-post-thumbnail","hentry","category-destacado","category-hoja-de-haria","tag-ayuntamiento","tag-colectivos","tag-subvenciones"],"_links":{"self":[{"href":"https:\/\/www.ayuntamientodeharia.com\/haria\/wp-json\/wp\/v2\/posts\/21580","targetHints":{"allow":["GET"]}}],"collection":[{"href":"https:\/\/www.ayuntamientodeharia.com\/haria\/wp-json\/wp\/v2\/posts"}],"about":[{"href":"https:\/\/www.ayuntamientodeharia.com\/haria\/wp-json\/wp\/v2\/types\/post"}],"author":[{"embeddable":true,"href":"https:\/\/www.ayuntamientodeharia.com\/haria\/wp-json\/wp\/v2\/users\/13"}],"replies":[{"embeddable":true,"href":"https:\/\/www.ayuntamientodeharia.com\/haria\/wp-json\/wp\/v2\/comments?post=21580"}],"version-history":[{"count":1,"href":"https:\/\/www.ayuntamientodeharia.com\/haria\/wp-json\/wp\/v2\/posts\/21580\/revisions"}],"predecessor-version":[{"id":21581,"href":"https:\/\/www.ayuntamientodeharia.com\/haria\/wp-json\/wp\/v2\/posts\/21580\/revisions\/21581"}],"wp:featuredmedia":[{"embeddable":true,"href":"https:\/\/www.ayuntamientodeharia.com\/haria\/wp-json\/wp\/v2\/media\/20903"}],"wp:attachment":[{"href":"https:\/\/www.ayuntamientodeharia.com\/haria\/wp-json\/wp\/v2\/media?parent=21580"}],"wp:term":[{"taxonomy":"category","embeddable":true,"href":"https:\/\/www.ayuntamientodeharia.com\/haria\/wp-json\/wp\/v2\/categories?post=21580"},{"taxonomy":"post_tag","embeddable":true,"href":"https:\/\/www.ayuntamientodeharia.com\/haria\/wp-json\/wp\/v2\/tags?post=21580"}],"curies":[{"name":"wp","href":"https:\/\/api.w.org\/{rel}","templated":true}]}}