{"id":20895,"date":"2021-06-11T15:31:05","date_gmt":"2021-06-11T15:31:05","guid":{"rendered":"https:\/\/www.ayuntamientodeharia.com\/haria\/?p=20895"},"modified":"2021-06-11T15:31:05","modified_gmt":"2021-06-11T15:31:05","slug":"haria-reanuda-el-servicio-de-fisioterapia-a-domicilio-para-los-mayores-dependientes-del-municipio","status":"publish","type":"post","link":"https:\/\/www.ayuntamientodeharia.com\/haria\/haria-reanuda-el-servicio-de-fisioterapia-a-domicilio-para-los-mayores-dependientes-del-municipio\/","title":{"rendered":"Har\u00eda reanuda el servicio de fisioterapia a domicilio para los mayores dependientes del municipio"},"content":{"rendered":"<p>El Ayuntamiento de Har\u00eda, a trav\u00e9s de la concejal\u00eda de Bienestar Social, que coordina Chaxiraxi Niz, anuncia que a partir de esta semana se reanuda el servicio de fisioterapia a domicilio para los mayores dependientes del municipio, una iniciativa centrada en atender de forma personalizada a este colectivo y en mejorar su calidad de vida, salud e independencia.<\/p>\n<p>La alcaldesa de Har\u00eda y responsable del \u00c1rea, Chaxiraxi Niz, explica que este proyecto nace con el fin de favorecer la autonom\u00eda funcional de los mayores dependientes del municipio, \u201cfacilitando la accesibilidad de estos a tratamientos espec\u00edficos y logrando que estos mantengan el mayor grado de movilidad e independencia posible\u201d y destaca que el cuidado de este colectivo tan importante y vulnerable constituye una prioridad para Har\u00eda.<\/p>\n<p>\u201cNos hemos coordinado con los centros de salud de Mala y de Har\u00eda para llevar a cabo un cribado de las personas que deben beneficiarse de este servicio de fisioterapia, de manera que se ha comenzado a ir a las casas de estos vecinos y vecinas para valorar sus necesidades\u201d, detalla la regidora.<\/p>\n<p>El Ayuntamiento planea atender a unos 20 mayores dependientes cada semana y con esta iniciativa se busca volver a obtener resultados tan positivos como los del pasado en la mejora de la atenci\u00f3n y situaci\u00f3n de los mayores de Har\u00eda.<\/p>\n","protected":false},"excerpt":{"rendered":"<p>El Ayuntamiento de Har\u00eda, a trav\u00e9s de la concejal\u00eda de Bienestar Social, que coordina Chaxiraxi Niz, anuncia que a partir de esta semana se reanuda el servicio de fisioterapia a domicilio para los mayores dependientes del municipio, una iniciativa centrada en atender de forma personalizada a este colectivo y en mejorar su calidad de vida, [&hellip;]<\/p>\n","protected":false},"author":13,"featured_media":20896,"comment_status":"closed","ping_status":"closed","sticky":false,"template":"","format":"standard","meta":{"footnotes":""},"categories":[425,11,77],"tags":[],"class_list":["post-20895","post","type-post","status-publish","format-standard","has-post-thumbnail","hentry","category-destacado","category-hoja-de-haria","category-servicios-sociales"],"_links":{"self":[{"href":"https:\/\/www.ayuntamientodeharia.com\/haria\/wp-json\/wp\/v2\/posts\/20895","targetHints":{"allow":["GET"]}}],"collection":[{"href":"https:\/\/www.ayuntamientodeharia.com\/haria\/wp-json\/wp\/v2\/posts"}],"about":[{"href":"https:\/\/www.ayuntamientodeharia.com\/haria\/wp-json\/wp\/v2\/types\/post"}],"author":[{"embeddable":true,"href":"https:\/\/www.ayuntamientodeharia.com\/haria\/wp-json\/wp\/v2\/users\/13"}],"replies":[{"embeddable":true,"href":"https:\/\/www.ayuntamientodeharia.com\/haria\/wp-json\/wp\/v2\/comments?post=20895"}],"version-history":[{"count":1,"href":"https:\/\/www.ayuntamientodeharia.com\/haria\/wp-json\/wp\/v2\/posts\/20895\/revisions"}],"predecessor-version":[{"id":20897,"href":"https:\/\/www.ayuntamientodeharia.com\/haria\/wp-json\/wp\/v2\/posts\/20895\/revisions\/20897"}],"wp:featuredmedia":[{"embeddable":true,"href":"https:\/\/www.ayuntamientodeharia.com\/haria\/wp-json\/wp\/v2\/media\/20896"}],"wp:attachment":[{"href":"https:\/\/www.ayuntamientodeharia.com\/haria\/wp-json\/wp\/v2\/media?parent=20895"}],"wp:term":[{"taxonomy":"category","embeddable":true,"href":"https:\/\/www.ayuntamientodeharia.com\/haria\/wp-json\/wp\/v2\/categories?post=20895"},{"taxonomy":"post_tag","embeddable":true,"href":"https:\/\/www.ayuntamientodeharia.com\/haria\/wp-json\/wp\/v2\/tags?post=20895"}],"curies":[{"name":"wp","href":"https:\/\/api.w.org\/{rel}","templated":true}]}}