{"id":20886,"date":"2021-06-11T15:24:46","date_gmt":"2021-06-11T15:24:46","guid":{"rendered":"https:\/\/www.ayuntamientodeharia.com\/haria\/?p=20886"},"modified":"2021-06-11T15:24:46","modified_gmt":"2021-06-11T15:24:46","slug":"haria-colabora-en-la-recogida-de-mas-de-300-kilos-de-residuos-de-las-costas-nortenas","status":"publish","type":"post","link":"https:\/\/www.ayuntamientodeharia.com\/haria\/haria-colabora-en-la-recogida-de-mas-de-300-kilos-de-residuos-de-las-costas-nortenas\/","title":{"rendered":"Har\u00eda colabora en la recogida de m\u00e1s de 300 kilos de residuos de las costas norte\u00f1as"},"content":{"rendered":"<p>El Ayuntamiento de Har\u00eda ha colaborado durante el pasado domingo con varias entidades en una iniciativa de voluntariado en la que se han recogido cerca de 340 kilogramos de residuos de las costas norte\u00f1as.<\/p>\n<p>Desde las \u00e1reas de Medio Ambiente y Educaci\u00f3n, trasladamos nuestras felicitaciones por la iniciativa y agradecemos esta labor de voluntariado realizada por m\u00e1s de una veintena de personas con el fin de mantener nuestro litoral limpio y de preservar nuestra imagen y nuestro medio ambiente.<\/p>\n<p>La actividad foment\u00f3, adem\u00e1s del cuidado del entorno con la recogida de residuos, actividades deportivas como el senderismo o el yoga. Las entidades participantes agradecieron asimismo al Ayuntamiento de Har\u00eda por facilitar una bandeja para la recogida de los residuos.<\/p>\n","protected":false},"excerpt":{"rendered":"<p>El Ayuntamiento de Har\u00eda ha colaborado durante el pasado domingo con varias entidades en una iniciativa de voluntariado en la que se han recogido cerca de 340 kilogramos de residuos de las costas norte\u00f1as. Desde las \u00e1reas de Medio Ambiente y Educaci\u00f3n, trasladamos nuestras felicitaciones por la iniciativa y agradecemos esta labor de voluntariado realizada [&hellip;]<\/p>\n","protected":false},"author":13,"featured_media":20887,"comment_status":"closed","ping_status":"closed","sticky":false,"template":"","format":"standard","meta":{"footnotes":""},"categories":[425,19,11,51],"tags":[],"class_list":["post-20886","post","type-post","status-publish","format-standard","has-post-thumbnail","hentry","category-destacado","category-formacion","category-hoja-de-haria","category-medioambiente"],"_links":{"self":[{"href":"https:\/\/www.ayuntamientodeharia.com\/haria\/wp-json\/wp\/v2\/posts\/20886","targetHints":{"allow":["GET"]}}],"collection":[{"href":"https:\/\/www.ayuntamientodeharia.com\/haria\/wp-json\/wp\/v2\/posts"}],"about":[{"href":"https:\/\/www.ayuntamientodeharia.com\/haria\/wp-json\/wp\/v2\/types\/post"}],"author":[{"embeddable":true,"href":"https:\/\/www.ayuntamientodeharia.com\/haria\/wp-json\/wp\/v2\/users\/13"}],"replies":[{"embeddable":true,"href":"https:\/\/www.ayuntamientodeharia.com\/haria\/wp-json\/wp\/v2\/comments?post=20886"}],"version-history":[{"count":1,"href":"https:\/\/www.ayuntamientodeharia.com\/haria\/wp-json\/wp\/v2\/posts\/20886\/revisions"}],"predecessor-version":[{"id":20888,"href":"https:\/\/www.ayuntamientodeharia.com\/haria\/wp-json\/wp\/v2\/posts\/20886\/revisions\/20888"}],"wp:featuredmedia":[{"embeddable":true,"href":"https:\/\/www.ayuntamientodeharia.com\/haria\/wp-json\/wp\/v2\/media\/20887"}],"wp:attachment":[{"href":"https:\/\/www.ayuntamientodeharia.com\/haria\/wp-json\/wp\/v2\/media?parent=20886"}],"wp:term":[{"taxonomy":"category","embeddable":true,"href":"https:\/\/www.ayuntamientodeharia.com\/haria\/wp-json\/wp\/v2\/categories?post=20886"},{"taxonomy":"post_tag","embeddable":true,"href":"https:\/\/www.ayuntamientodeharia.com\/haria\/wp-json\/wp\/v2\/tags?post=20886"}],"curies":[{"name":"wp","href":"https:\/\/api.w.org\/{rel}","templated":true}]}}