{"id":20881,"date":"2021-06-11T15:19:03","date_gmt":"2021-06-11T15:19:03","guid":{"rendered":"https:\/\/www.ayuntamientodeharia.com\/haria\/?p=20881"},"modified":"2021-06-14T14:40:46","modified_gmt":"2021-06-14T14:40:46","slug":"el-ayuntamiento-organiza-el-pateus-nocturnus-del-mes-de-junio-con-la-ruta-ye-vega-grande","status":"publish","type":"post","link":"https:\/\/www.ayuntamientodeharia.com\/haria\/el-ayuntamiento-organiza-el-pateus-nocturnus-del-mes-de-junio-con-la-ruta-ye-vega-grande\/","title":{"rendered":"El Ayuntamiento organiza el \u2018Pateus Nocturnus\u2019 del mes de junio con la ruta Ye-Vega Grande"},"content":{"rendered":"<p>El Ayuntamiento de Har\u00eda, a trav\u00e9s del Punto Joven, del departamento de Juventud del Consistorio, llevar\u00e1 a cabo el pr\u00f3ximo viernes, 25 de junio, el \u2018Pateus Nocturnus\u2019 del mes de junio, en celebraci\u00f3n del solsticio de verano, con una ruta entre Ye y Vega Grande. La ruta se realizar\u00e1 de forma circular por los alrededores del pueblo de Ye.<\/p>\n<p>La salida ser\u00e1 a las 20:30 horas desde el Centro Sociocultural \u2018El Tefio\u2019, de Ye, y durante toda la caminata acompa\u00f1ar\u00e1 a los participantes Isabel Cabrera, quien ejercer\u00e1 la labor de cuentacuentos en cada parada que se realice.<\/p>\n<p>El recorrido no presenta dificultad, por lo que est\u00e1 indicado para cualquier persona que quiera disfrutar de esta caminata nocturna. Los asistentes tendr\u00e1n que llevar agua, linterna, ropa y calzado adecuado y c\u00f3modo. Asimismo, los menores de 12 a\u00f1os deber\u00e1n ir acompa\u00f1ados de un adulto.<\/p>\n<p>Las personas interesadas en acudir a la caminata deber\u00e1n inscribirse\u00a0a partir\u00a0del lunes, 21 de junio, a las 8:00 horas,\u00a0en la Agenda de la web\u00a0www.juventudharia.es. Las plazas son limitadas y se ir\u00e1n cubriendo por orden de inscripci\u00f3n.\u00a0Para m\u00e1s informaci\u00f3n pueden contactar en el tel\u00e9fono 928835009 extensi\u00f3n 6 o en\u00a0\u00a0juventud@ayuntamientodeharia.com.<\/p>\n","protected":false},"excerpt":{"rendered":"<p>El Ayuntamiento de Har\u00eda, a trav\u00e9s del Punto Joven, del departamento de Juventud del Consistorio, llevar\u00e1 a cabo el pr\u00f3ximo viernes, 25 de junio, el \u2018Pateus Nocturnus\u2019 del mes de junio, en celebraci\u00f3n del solsticio de verano, con una ruta entre Ye y Vega Grande. La ruta se realizar\u00e1 de forma circular por los alrededores [&hellip;]<\/p>\n","protected":false},"author":13,"featured_media":20474,"comment_status":"closed","ping_status":"closed","sticky":false,"template":"","format":"standard","meta":{"footnotes":""},"categories":[32,11,25],"tags":[],"class_list":["post-20881","post","type-post","status-publish","format-standard","has-post-thumbnail","hentry","category-anuncios","category-hoja-de-haria","category-juventud"],"_links":{"self":[{"href":"https:\/\/www.ayuntamientodeharia.com\/haria\/wp-json\/wp\/v2\/posts\/20881","targetHints":{"allow":["GET"]}}],"collection":[{"href":"https:\/\/www.ayuntamientodeharia.com\/haria\/wp-json\/wp\/v2\/posts"}],"about":[{"href":"https:\/\/www.ayuntamientodeharia.com\/haria\/wp-json\/wp\/v2\/types\/post"}],"author":[{"embeddable":true,"href":"https:\/\/www.ayuntamientodeharia.com\/haria\/wp-json\/wp\/v2\/users\/13"}],"replies":[{"embeddable":true,"href":"https:\/\/www.ayuntamientodeharia.com\/haria\/wp-json\/wp\/v2\/comments?post=20881"}],"version-history":[{"count":2,"href":"https:\/\/www.ayuntamientodeharia.com\/haria\/wp-json\/wp\/v2\/posts\/20881\/revisions"}],"predecessor-version":[{"id":20901,"href":"https:\/\/www.ayuntamientodeharia.com\/haria\/wp-json\/wp\/v2\/posts\/20881\/revisions\/20901"}],"wp:featuredmedia":[{"embeddable":true,"href":"https:\/\/www.ayuntamientodeharia.com\/haria\/wp-json\/wp\/v2\/media\/20474"}],"wp:attachment":[{"href":"https:\/\/www.ayuntamientodeharia.com\/haria\/wp-json\/wp\/v2\/media?parent=20881"}],"wp:term":[{"taxonomy":"category","embeddable":true,"href":"https:\/\/www.ayuntamientodeharia.com\/haria\/wp-json\/wp\/v2\/categories?post=20881"},{"taxonomy":"post_tag","embeddable":true,"href":"https:\/\/www.ayuntamientodeharia.com\/haria\/wp-json\/wp\/v2\/tags?post=20881"}],"curies":[{"name":"wp","href":"https:\/\/api.w.org\/{rel}","templated":true}]}}