{"id":20878,"date":"2021-06-11T15:16:35","date_gmt":"2021-06-11T15:16:35","guid":{"rendered":"https:\/\/www.ayuntamientodeharia.com\/haria\/?p=20878"},"modified":"2021-06-11T15:16:35","modified_gmt":"2021-06-11T15:16:35","slug":"haria-felicita-al-piloto-norteno-fernando-fontes-lopez-por-su-tercer-puesto-en-el-campeonato-canario-de-kart-cross","status":"publish","type":"post","link":"https:\/\/www.ayuntamientodeharia.com\/haria\/haria-felicita-al-piloto-norteno-fernando-fontes-lopez-por-su-tercer-puesto-en-el-campeonato-canario-de-kart-cross\/","title":{"rendered":"Har\u00eda felicita al piloto norte\u00f1o Fernando Fontes L\u00f3pez por su tercer puesto en el campeonato canario de kart cross"},"content":{"rendered":"<p>El Ayuntamiento de Har\u00eda felicita al piloto norte\u00f1o Fernando Fontes L\u00f3pez por su participaci\u00f3n y tercer puesto en el campeonato auton\u00f3mico de kart cross, celebrado la pasada semana en La Palma.<\/p>\n<p>La alcaldesa de Har\u00eda, Chaxiraxi Niz, traslada sus felicitaciones a Fontes y le desea lo mejor en su carrera profesional. \u201cQueremos que siga llevando el nombre de Har\u00eda all\u00e1 donde compita y siga cosechando \u00e9xitos en representaci\u00f3n de toda la poblaci\u00f3n norte\u00f1a\u201d.<\/p>\n<p>El concejal de Deportes, Alejandro Hern\u00e1ndez, valora el gran resultado del deportista en una prueba de gran calibre como este campeonato y agradece que, de esta forma, d\u00e9 a conocer en Har\u00eda y en las Islas una disciplina como el kart cross.<\/p>\n<p>Asimismo, desde el \u00e1rea de Turismo, coordinada por Evelia Garc\u00eda, agradece la visibilidad que se le da al municipio de Har\u00eda con este tipo de actividades y felicita al piloto local por su papel en esta competici\u00f3n.<\/p>\n","protected":false},"excerpt":{"rendered":"<p>El Ayuntamiento de Har\u00eda felicita al piloto norte\u00f1o Fernando Fontes L\u00f3pez por su participaci\u00f3n y tercer puesto en el campeonato auton\u00f3mico de kart cross, celebrado la pasada semana en La Palma. La alcaldesa de Har\u00eda, Chaxiraxi Niz, traslada sus felicitaciones a Fontes y le desea lo mejor en su carrera profesional. \u201cQueremos que siga llevando [&hellip;]<\/p>\n","protected":false},"author":13,"featured_media":20879,"comment_status":"closed","ping_status":"closed","sticky":false,"template":"","format":"standard","meta":{"footnotes":""},"categories":[17,11],"tags":[],"class_list":["post-20878","post","type-post","status-publish","format-standard","has-post-thumbnail","hentry","category-deportes","category-hoja-de-haria"],"_links":{"self":[{"href":"https:\/\/www.ayuntamientodeharia.com\/haria\/wp-json\/wp\/v2\/posts\/20878","targetHints":{"allow":["GET"]}}],"collection":[{"href":"https:\/\/www.ayuntamientodeharia.com\/haria\/wp-json\/wp\/v2\/posts"}],"about":[{"href":"https:\/\/www.ayuntamientodeharia.com\/haria\/wp-json\/wp\/v2\/types\/post"}],"author":[{"embeddable":true,"href":"https:\/\/www.ayuntamientodeharia.com\/haria\/wp-json\/wp\/v2\/users\/13"}],"replies":[{"embeddable":true,"href":"https:\/\/www.ayuntamientodeharia.com\/haria\/wp-json\/wp\/v2\/comments?post=20878"}],"version-history":[{"count":1,"href":"https:\/\/www.ayuntamientodeharia.com\/haria\/wp-json\/wp\/v2\/posts\/20878\/revisions"}],"predecessor-version":[{"id":20880,"href":"https:\/\/www.ayuntamientodeharia.com\/haria\/wp-json\/wp\/v2\/posts\/20878\/revisions\/20880"}],"wp:featuredmedia":[{"embeddable":true,"href":"https:\/\/www.ayuntamientodeharia.com\/haria\/wp-json\/wp\/v2\/media\/20879"}],"wp:attachment":[{"href":"https:\/\/www.ayuntamientodeharia.com\/haria\/wp-json\/wp\/v2\/media?parent=20878"}],"wp:term":[{"taxonomy":"category","embeddable":true,"href":"https:\/\/www.ayuntamientodeharia.com\/haria\/wp-json\/wp\/v2\/categories?post=20878"},{"taxonomy":"post_tag","embeddable":true,"href":"https:\/\/www.ayuntamientodeharia.com\/haria\/wp-json\/wp\/v2\/tags?post=20878"}],"curies":[{"name":"wp","href":"https:\/\/api.w.org\/{rel}","templated":true}]}}