{"id":20875,"date":"2021-06-11T15:15:25","date_gmt":"2021-06-11T15:15:25","guid":{"rendered":"https:\/\/www.ayuntamientodeharia.com\/haria\/?p=20875"},"modified":"2021-06-11T15:15:25","modified_gmt":"2021-06-11T15:15:25","slug":"la-sala-teatro-la-tegala-acoge-la-presentacion-y-narracion-del-libro-album-de-isabel-cabrera-taro","status":"publish","type":"post","link":"https:\/\/www.ayuntamientodeharia.com\/haria\/la-sala-teatro-la-tegala-acoge-la-presentacion-y-narracion-del-libro-album-de-isabel-cabrera-taro\/","title":{"rendered":"La Sala Teatro La Tegala acoge la presentaci\u00f3n y narraci\u00f3n del libro-\u00e1lbum de Isabel Cabrera, \u2018Taro\u2019"},"content":{"rendered":"<p>El \u00e1rea de Cultura del Ayuntamiento de Har\u00eda informa que la Sala Teatro \u2018La Tegala\u2019 acoger\u00e1 el pr\u00f3ximo s\u00e1bado, 12 de junio, entre las 12:00 y las 13:00 horas, la presentaci\u00f3n y narraci\u00f3n oral del nuevo libro-\u00e1lbum de la autora Isabel Cabrera, titulado \u2018Taro\u2019, un cuento que hace homenaje a la herencia cultural de Lanzarote y, en especial, a la huella de C\u00e9sar Manrique en el patrimonio insular.<\/p>\n<p>Las entradas est\u00e1n disponibles de forma gratuita en el portal de Ecoentradas.<\/p>\n","protected":false},"excerpt":{"rendered":"<p>El \u00e1rea de Cultura del Ayuntamiento de Har\u00eda informa que la Sala Teatro \u2018La Tegala\u2019 acoger\u00e1 el pr\u00f3ximo s\u00e1bado, 12 de junio, entre las 12:00 y las 13:00 horas, la presentaci\u00f3n y narraci\u00f3n oral del nuevo libro-\u00e1lbum de la autora Isabel Cabrera, titulado \u2018Taro\u2019, un cuento que hace homenaje a la herencia cultural de Lanzarote [&hellip;]<\/p>\n","protected":false},"author":13,"featured_media":20876,"comment_status":"closed","ping_status":"closed","sticky":false,"template":"","format":"standard","meta":{"footnotes":""},"categories":[16,11],"tags":[],"class_list":["post-20875","post","type-post","status-publish","format-standard","has-post-thumbnail","hentry","category-cultura","category-hoja-de-haria"],"_links":{"self":[{"href":"https:\/\/www.ayuntamientodeharia.com\/haria\/wp-json\/wp\/v2\/posts\/20875","targetHints":{"allow":["GET"]}}],"collection":[{"href":"https:\/\/www.ayuntamientodeharia.com\/haria\/wp-json\/wp\/v2\/posts"}],"about":[{"href":"https:\/\/www.ayuntamientodeharia.com\/haria\/wp-json\/wp\/v2\/types\/post"}],"author":[{"embeddable":true,"href":"https:\/\/www.ayuntamientodeharia.com\/haria\/wp-json\/wp\/v2\/users\/13"}],"replies":[{"embeddable":true,"href":"https:\/\/www.ayuntamientodeharia.com\/haria\/wp-json\/wp\/v2\/comments?post=20875"}],"version-history":[{"count":1,"href":"https:\/\/www.ayuntamientodeharia.com\/haria\/wp-json\/wp\/v2\/posts\/20875\/revisions"}],"predecessor-version":[{"id":20877,"href":"https:\/\/www.ayuntamientodeharia.com\/haria\/wp-json\/wp\/v2\/posts\/20875\/revisions\/20877"}],"wp:featuredmedia":[{"embeddable":true,"href":"https:\/\/www.ayuntamientodeharia.com\/haria\/wp-json\/wp\/v2\/media\/20876"}],"wp:attachment":[{"href":"https:\/\/www.ayuntamientodeharia.com\/haria\/wp-json\/wp\/v2\/media?parent=20875"}],"wp:term":[{"taxonomy":"category","embeddable":true,"href":"https:\/\/www.ayuntamientodeharia.com\/haria\/wp-json\/wp\/v2\/categories?post=20875"},{"taxonomy":"post_tag","embeddable":true,"href":"https:\/\/www.ayuntamientodeharia.com\/haria\/wp-json\/wp\/v2\/tags?post=20875"}],"curies":[{"name":"wp","href":"https:\/\/api.w.org\/{rel}","templated":true}]}}