{"id":20872,"date":"2021-06-11T15:12:24","date_gmt":"2021-06-11T15:12:24","guid":{"rendered":"https:\/\/www.ayuntamientodeharia.com\/haria\/?p=20872"},"modified":"2021-06-11T15:12:24","modified_gmt":"2021-06-11T15:12:24","slug":"la-asociacion-milana-organiza-el-desfile-de-moda-coleccion-mukanda","status":"publish","type":"post","link":"https:\/\/www.ayuntamientodeharia.com\/haria\/la-asociacion-milana-organiza-el-desfile-de-moda-coleccion-mukanda\/","title":{"rendered":"La Asociaci\u00f3n Milana organiza el desfile de moda \u2018Colecci\u00f3n Mukanda\u2019"},"content":{"rendered":"<p>La Asociaci\u00f3n Milana organizar\u00e1 el pr\u00f3ximo 26 de junio, a las 20:30 horas, un desfile de moda, con motivo de luchar por el \u201crescate del cultivo de la cochinilla 2.0 y tintes naturales\u201d.<\/p>\n<p>Bajo el nombre de \u2018Colecci\u00f3n Mukanda\u2019, la dise\u00f1adora norte\u00f1a Regina Ferragut, con la colaboraci\u00f3n de la Vicepresidencia de Gobierno de Canarias y del Casino Club N\u00e1utico, llevar\u00e1 a cabo este evento en el Club N\u00e1utico de Arrecife.<\/p>\n<p>La entrada ser\u00e1 gratuita y el aforo limitado. Las reservas se pueden realizar en <a href=\"mailto:eventos.asocmilana@gmail.com\">eventos.asocmilana@gmail.com<\/a>. Para apuntarse debe enviar un correo electr\u00f3nico antes del 22 de junio facilitando nombre y apellidos, n\u00famero de DNI, y tel\u00e9fono.<\/p>\n","protected":false},"excerpt":{"rendered":"<p>La Asociaci\u00f3n Milana organizar\u00e1 el pr\u00f3ximo 26 de junio, a las 20:30 horas, un desfile de moda, con motivo de luchar por el \u201crescate del cultivo de la cochinilla 2.0 y tintes naturales\u201d. Bajo el nombre de \u2018Colecci\u00f3n Mukanda\u2019, la dise\u00f1adora norte\u00f1a Regina Ferragut, con la colaboraci\u00f3n de la Vicepresidencia de Gobierno de Canarias y [&hellip;]<\/p>\n","protected":false},"author":13,"featured_media":20873,"comment_status":"closed","ping_status":"closed","sticky":false,"template":"","format":"standard","meta":{"footnotes":""},"categories":[11],"tags":[],"class_list":["post-20872","post","type-post","status-publish","format-standard","has-post-thumbnail","hentry","category-hoja-de-haria"],"_links":{"self":[{"href":"https:\/\/www.ayuntamientodeharia.com\/haria\/wp-json\/wp\/v2\/posts\/20872","targetHints":{"allow":["GET"]}}],"collection":[{"href":"https:\/\/www.ayuntamientodeharia.com\/haria\/wp-json\/wp\/v2\/posts"}],"about":[{"href":"https:\/\/www.ayuntamientodeharia.com\/haria\/wp-json\/wp\/v2\/types\/post"}],"author":[{"embeddable":true,"href":"https:\/\/www.ayuntamientodeharia.com\/haria\/wp-json\/wp\/v2\/users\/13"}],"replies":[{"embeddable":true,"href":"https:\/\/www.ayuntamientodeharia.com\/haria\/wp-json\/wp\/v2\/comments?post=20872"}],"version-history":[{"count":1,"href":"https:\/\/www.ayuntamientodeharia.com\/haria\/wp-json\/wp\/v2\/posts\/20872\/revisions"}],"predecessor-version":[{"id":20874,"href":"https:\/\/www.ayuntamientodeharia.com\/haria\/wp-json\/wp\/v2\/posts\/20872\/revisions\/20874"}],"wp:featuredmedia":[{"embeddable":true,"href":"https:\/\/www.ayuntamientodeharia.com\/haria\/wp-json\/wp\/v2\/media\/20873"}],"wp:attachment":[{"href":"https:\/\/www.ayuntamientodeharia.com\/haria\/wp-json\/wp\/v2\/media?parent=20872"}],"wp:term":[{"taxonomy":"category","embeddable":true,"href":"https:\/\/www.ayuntamientodeharia.com\/haria\/wp-json\/wp\/v2\/categories?post=20872"},{"taxonomy":"post_tag","embeddable":true,"href":"https:\/\/www.ayuntamientodeharia.com\/haria\/wp-json\/wp\/v2\/tags?post=20872"}],"curies":[{"name":"wp","href":"https:\/\/api.w.org\/{rel}","templated":true}]}}