{"id":20869,"date":"2021-06-11T15:10:58","date_gmt":"2021-06-11T15:10:58","guid":{"rendered":"https:\/\/www.ayuntamientodeharia.com\/haria\/?p=20869"},"modified":"2021-06-11T15:10:58","modified_gmt":"2021-06-11T15:10:58","slug":"manuel-becerra-dara-un-concierto-de-piano-en-la-sala-de-exposiciones-el-aljibe","status":"publish","type":"post","link":"https:\/\/www.ayuntamientodeharia.com\/haria\/manuel-becerra-dara-un-concierto-de-piano-en-la-sala-de-exposiciones-el-aljibe\/","title":{"rendered":"Manuel Becerra dar\u00e1 un concierto de piano en la Sala de Exposiciones \u2018El Aljibe\u2019"},"content":{"rendered":"<p>El Ayuntamiento de Har\u00eda, a trav\u00e9s del \u00e1rea de Cultura, que coordina Evelia Garc\u00eda, informa que el pianista Manuel Becerra dar\u00e1 este viernes, 11 de junio, a las 20:00 horas, un concierto de piano en la Sala de Exposiciones \u2018El Aljibe\u2019. El artista, el m\u00fasico, el oyente y el p\u00fablico, compartir\u00e1n un espacio envolvente para disfrutar del arte musical al desnudo, sin m\u00e1s.<\/p>\n","protected":false},"excerpt":{"rendered":"<p>El Ayuntamiento de Har\u00eda, a trav\u00e9s del \u00e1rea de Cultura, que coordina Evelia Garc\u00eda, informa que el pianista Manuel Becerra dar\u00e1 este viernes, 11 de junio, a las 20:00 horas, un concierto de piano en la Sala de Exposiciones \u2018El Aljibe\u2019. El artista, el m\u00fasico, el oyente y el p\u00fablico, compartir\u00e1n un espacio envolvente para [&hellip;]<\/p>\n","protected":false},"author":13,"featured_media":20870,"comment_status":"closed","ping_status":"closed","sticky":false,"template":"","format":"standard","meta":{"footnotes":""},"categories":[16,11],"tags":[],"class_list":["post-20869","post","type-post","status-publish","format-standard","has-post-thumbnail","hentry","category-cultura","category-hoja-de-haria"],"_links":{"self":[{"href":"https:\/\/www.ayuntamientodeharia.com\/haria\/wp-json\/wp\/v2\/posts\/20869","targetHints":{"allow":["GET"]}}],"collection":[{"href":"https:\/\/www.ayuntamientodeharia.com\/haria\/wp-json\/wp\/v2\/posts"}],"about":[{"href":"https:\/\/www.ayuntamientodeharia.com\/haria\/wp-json\/wp\/v2\/types\/post"}],"author":[{"embeddable":true,"href":"https:\/\/www.ayuntamientodeharia.com\/haria\/wp-json\/wp\/v2\/users\/13"}],"replies":[{"embeddable":true,"href":"https:\/\/www.ayuntamientodeharia.com\/haria\/wp-json\/wp\/v2\/comments?post=20869"}],"version-history":[{"count":1,"href":"https:\/\/www.ayuntamientodeharia.com\/haria\/wp-json\/wp\/v2\/posts\/20869\/revisions"}],"predecessor-version":[{"id":20871,"href":"https:\/\/www.ayuntamientodeharia.com\/haria\/wp-json\/wp\/v2\/posts\/20869\/revisions\/20871"}],"wp:featuredmedia":[{"embeddable":true,"href":"https:\/\/www.ayuntamientodeharia.com\/haria\/wp-json\/wp\/v2\/media\/20870"}],"wp:attachment":[{"href":"https:\/\/www.ayuntamientodeharia.com\/haria\/wp-json\/wp\/v2\/media?parent=20869"}],"wp:term":[{"taxonomy":"category","embeddable":true,"href":"https:\/\/www.ayuntamientodeharia.com\/haria\/wp-json\/wp\/v2\/categories?post=20869"},{"taxonomy":"post_tag","embeddable":true,"href":"https:\/\/www.ayuntamientodeharia.com\/haria\/wp-json\/wp\/v2\/tags?post=20869"}],"curies":[{"name":"wp","href":"https:\/\/api.w.org\/{rel}","templated":true}]}}