{"id":20830,"date":"2021-06-04T15:26:54","date_gmt":"2021-06-04T15:26:54","guid":{"rendered":"https:\/\/www.ayuntamientodeharia.com\/haria\/?p=20830"},"modified":"2021-06-04T15:26:54","modified_gmt":"2021-06-04T15:26:54","slug":"te-observe-demasiado-y-no-pude-escapar-haria-ganador-de-la-categoria-juvenil-del-concurso-de-relatos-voy-a-escribir-de-ti-haria","status":"publish","type":"post","link":"https:\/\/www.ayuntamientodeharia.com\/haria\/te-observe-demasiado-y-no-pude-escapar-haria-ganador-de-la-categoria-juvenil-del-concurso-de-relatos-voy-a-escribir-de-ti-haria\/","title":{"rendered":"\u2018Te observ\u00e9 demasiado y no pude escapar, Har\u00eda\u2019, ganador de la categor\u00eda Juvenil del concurso de relatos \u2018Voy a escribir de ti, Har\u00eda\u2019"},"content":{"rendered":"<p>El Ayuntamiento de Har\u00eda ha entregado a Luc\u00eda Toledano Navarro el premio al ganador de la categor\u00eda Juvenil del concurso de relatos \u2018Voy a escribir de ti, Har\u00eda\u2019, por el texto presentado por la joven, titulado \u2018Te observ\u00e9 demasiado y no pude escapar, Har\u00eda\u2019.<\/p>\n<p>La alcaldesa de Har\u00eda, Chaxiraxi Niz, felicita a la premiada por su relato, \u201cque pone en valor los encantos del municipio, expres\u00e1ndolos de una manera cercana a trav\u00e9s de sus palabras\u201d, y destaca que las generaciones m\u00e1s j\u00f3venes participen en estas actividades que fomentan h\u00e1bitos enriquecedores como la lectura y la escritura.<\/p>\n<p><strong>\u2018Te observ\u00e9 demasiado y no pude escapar, Har\u00eda\u2019<\/strong><\/p>\n<p>Si supieras cuantas veces me he imaginado huyendo de aqu\u00ed, desvaneci\u00e9ndome en el acto o escapando cuando nadie miraba, ahora mismo te estar\u00edas preguntando por qu\u00e9 sigo aqu\u00ed.<\/p>\n<p>&nbsp;<\/p>\n<p>Sufro depresi\u00f3n. Ya, ya s\u00e9 lo que estar\u00e1s pensando, solo quiero llamar la atenci\u00f3n. Pues no, eso es lo \u00faltimo que quiero, lo que quiero es encontrar un objetivo para vivir, algo en lo que emplearme a fondo, algo, solo algo\u2026Pero no, supongo que lo \u00fanico que se me da bien, es observar. Observarte, Har\u00eda.<\/p>\n<p>&nbsp;<\/p>\n<p>\u201cPipipi pipipi pipipi\u2026\u201d El sonido de la alarma me despierta sobresaltado y hace que los primeros segundos sean desconcertantes. Me levanto y lo apago. Bostezo, con los ojos todav\u00eda entrecerrados, y me estiro, notando c\u00f3mo los m\u00fasculos de mi espalda y mis brazos se tensan. A continuaci\u00f3n, no pierdo el tiempo, y me visto para bajar a desayunar.<\/p>\n<p>&nbsp;<\/p>\n<p>\u2013 Buenos d\u00edas cari\u00f1o \u2013 Me dice mi madre al tiempo que se inclina para plantarme un beso en la coronilla.<\/p>\n<p>\u2013 Buenos d\u00edas, mam\u00e1.<\/p>\n<p>&nbsp;<\/p>\n<p>Desayuno deprisa, tengo que hacer algo antes de entrar al instituto. Mi perro se acerca con la pelota en la boca, moviendo el rabo con felicidad, yo me agacho y le acaricio de forma que le revuelvo el pelo mientras le sonr\u00edo. Ya est\u00e1 bastante mayor pero sigue queriendo jugar siempre que puede.<\/p>\n<p>&nbsp;<\/p>\n<p>Cuando estoy saliendo por la puerta mi madre me detiene y me da la mochila, que se me hab\u00eda olvidado coger.<\/p>\n<p>&nbsp;<\/p>\n<p>\u2013 Ay, esa cabecita tuya\u2026<\/p>\n<p>&nbsp;<\/p>\n<p>En el momento en el que estoy llegando al instituto de Har\u00eda me desv\u00edo, todav\u00eda faltan 20 minutos para las clases, y subo hacia la ladera de la monta\u00f1a. Cuando llego, me escondo detr\u00e1s de unos arbustos situados al lado de una palmera, y observo la enorme piedra que se encuentra a tan solo unos metros delante de mis narices. Espero. Y cuando empiezo a pensar que no va a venir, aparece. Se asoma con cuidado, mirando alrededor por si acaso apareciera alg\u00fan depredador. Y me mira. La negrura de sus ojos me inunda, y contengo el aliento. Sus patas se aferran a la roca mientras que su barriga turquesa se desliza sobre ella, la cola cae por uno de los extremos de la roca, y por unas mil\u00e9simas de segundo saca la lengua. Un lagarto de Har\u00eda. No. \u201cEl lagarto de Har\u00eda\u201d.<\/p>\n<p>&nbsp;<\/p>\n<p>Todos los lunes vengo aqu\u00ed, a verlo, desde hace ya varios meses. Al principio era \u00e9l quien me encontraba a m\u00ed, y cada lunes me dirig\u00eda un poco m\u00e1s hacia la monta\u00f1a, hasta que par\u00f3 en este punto. La primera vez que lo vi tuve una sensaci\u00f3n muy extra\u00f1a, fue como si el mundo se detuviera por un instante, sali\u00f3 corriendo y no lo volv\u00ed a ver hasta la siguiente semana, y la siguiente, y las siguientes que la sucedieron, as\u00ed hasta que decid\u00ed seguirle. Solo por ver que pod\u00eda ocurrir. Y aqu\u00ed estoy.<\/p>\n<p>&nbsp;<\/p>\n<p>Entonces por casualidad miro la hora que es\u2026 7:55. Corro, como no me d\u00e9 prisa no llego. Cuando estoy alcanzando el instituto grito para que no cierren la puerta, y el profesor que estaba en la puerta me deja entrar. Paso el resto de la ma\u00f1ana tomando apuntes y haciendo \u201ccomo si atendiera\u201d al profesor, cuando en realidad mi mente divaga por las laderas de Har\u00eda buscando al lagarto que tan intrigado me tiene.<\/p>\n<p>&nbsp;<\/p>\n<p>\u2013 \u00a1Hey t\u00fa!, cuidado por donde andas. Iba tan ensimismado, que he chocado con un chico de mi curso cuando sal\u00edamos al recreo.<\/p>\n<p>\u2013 Lo siento. \u2013 \u00a1Qu\u00e9 lo sientes dices! \u00a1Pero si ni me has mirado! Ahora lo miro, y s\u00e9 por qu\u00e9 est\u00e1 tan enfadado. En el suelo se encuentra un trabajo perfecto, de alguna asignatura, roto. Se nota que le hab\u00eda costado hacerlo.<\/p>\n<p>\u2013 Yo\u2026 Esto\u2026<\/p>\n<p>&nbsp;<\/p>\n<p>Pero es demasiado tarde, coge mi mochila y la lanza lo m\u00e1s lejos que puede. Luego se marcha. Yo voy a buscarla, temi\u00e9ndome que algo se haya roto. Meto la mano dentro de la mochila y saco mi m\u00f3vil, se le ha estallado la pantalla. Suspiro con impotencia. Y cansado, enciendo el m\u00f3vil para comprobar que siga funcionando, pero lo que encuentro en notificaciones me deja petrificado. No. No\u2026 no\u2026<\/p>\n<p>&nbsp;<\/p>\n<p>\u2013 No\u2026 \u2013 Mi voz se entrecorta dejando escapar un leve sollozo.<\/p>\n<p>&nbsp;<\/p>\n<p>Dejo todo atr\u00e1s. Mi mochila se queda tirada en el suelo mientras corro, alej\u00e1ndome de todo y de todos. Subo la monta\u00f1a hasta un punto lo suficientemente alto como para observar el pueblo entero. Me giro en esa direcci\u00f3n, y grito. Es un grito que me desgarra la garganta, mientras mi vista se vuelve borrosa y el pecho me arde. Las l\u00e1grimas comienzan a aflorar sin poder contenerlas. Cuando abro los ojos veo al lagarto, a Har\u00eda. Porque es eso lo que era: ese lagarto tan especial era el alma de la propia Har\u00eda.<\/p>\n<p>&nbsp;<\/p>\n<p>\u2013 Ay\u00fadame. \u2013 Logro pronunciar.<\/p>\n<p>&nbsp;<\/p>\n<p>Pero ella solo me mira, con esos ojos negros. Y se va, dej\u00e1ndome solo con mi destrozada existencia. Hecha a\u00f1icos.<\/p>\n<p>&nbsp;<\/p>\n<p>El sol va descendiendo, lentamente durante horas, yo simplemente me dejo llevar por el sufrimiento. Mas en un susurro apenas audible, suplico una \u00faltima vez.<\/p>\n<p>&nbsp;<\/p>\n<p>\u2013 Ay\u00fadame. Si alguna vez, al mirarnos a los ojos, viste mi sufrimiento. Ay\u00fadame y detenlo, Lagarto de Har\u00eda. Alma de Har\u00eda&#8230;<\/p>\n<p>&nbsp;<\/p>\n<p>Entonces llega el ocaso, mis palabras flotan todav\u00eda en el aire, y cierro los ojos, derrotado. Pero una sensaci\u00f3n superior a m\u00ed mismo, hace que los abra de nuevo, como si el Alma de Har\u00eda me hubiera escuchado.<\/p>\n<p>&nbsp;<\/p>\n<p>Despu\u00e9s todo sucede tan r\u00e1pido que al principio no s\u00e9 qu\u00e9 ocurre. Mis brazos se estiran, cada vez m\u00e1s largos, mis dedos se dividen cada uno en una direcci\u00f3n, retorci\u00e9ndose y cambiando completamente su figura original. Yo crezco, m\u00e1s y m\u00e1s alto, hasta casi tocar el cielo. Grito de dolor, y mi respiraci\u00f3n se comienza a cortar. Veo todo a mi alrededor, pero no puedo moverme, solo puedo dejar que mis brazos, ahora hojas, se mezan suavemente con el viento.<\/p>\n<p>&nbsp;<\/p>\n<p>Y ya est\u00e1, as\u00ed me qued\u00e9, en el valle de Har\u00eda transformado en su propio \u00e1rbol. Una palmera que lo observar\u00eda el resto de su vida. Al final ya tengo un prop\u00f3sito: observar. Porque, en cierto modo, al final te observ\u00e9 tanto que me transform\u00e9 en tu compa\u00f1ero eterno. Har\u00eda.<\/p>\n","protected":false},"excerpt":{"rendered":"<p>El Ayuntamiento de Har\u00eda ha entregado a Luc\u00eda Toledano Navarro el premio al ganador de la categor\u00eda Juvenil del concurso de relatos \u2018Voy a escribir de ti, Har\u00eda\u2019, por el texto presentado por la joven, titulado \u2018Te observ\u00e9 demasiado y no pude escapar, Har\u00eda\u2019. La alcaldesa de Har\u00eda, Chaxiraxi Niz, felicita a la premiada por [&hellip;]<\/p>\n","protected":false},"author":13,"featured_media":20831,"comment_status":"closed","ping_status":"closed","sticky":false,"template":"","format":"standard","meta":{"footnotes":""},"categories":[163,11,25],"tags":[466,867,603,464,919,834,758,864],"class_list":["post-20830","post","type-post","status-publish","format-standard","has-post-thumbnail","hentry","category-comercio-y-consumo","category-hoja-de-haria","category-juventud","tag-ayuntamiento","tag-categoria","tag-concurso","tag-haria","tag-juvenil","tag-premio","tag-relatos","tag-voy-a-escribir-de-ti"],"_links":{"self":[{"href":"https:\/\/www.ayuntamientodeharia.com\/haria\/wp-json\/wp\/v2\/posts\/20830","targetHints":{"allow":["GET"]}}],"collection":[{"href":"https:\/\/www.ayuntamientodeharia.com\/haria\/wp-json\/wp\/v2\/posts"}],"about":[{"href":"https:\/\/www.ayuntamientodeharia.com\/haria\/wp-json\/wp\/v2\/types\/post"}],"author":[{"embeddable":true,"href":"https:\/\/www.ayuntamientodeharia.com\/haria\/wp-json\/wp\/v2\/users\/13"}],"replies":[{"embeddable":true,"href":"https:\/\/www.ayuntamientodeharia.com\/haria\/wp-json\/wp\/v2\/comments?post=20830"}],"version-history":[{"count":1,"href":"https:\/\/www.ayuntamientodeharia.com\/haria\/wp-json\/wp\/v2\/posts\/20830\/revisions"}],"predecessor-version":[{"id":20832,"href":"https:\/\/www.ayuntamientodeharia.com\/haria\/wp-json\/wp\/v2\/posts\/20830\/revisions\/20832"}],"wp:featuredmedia":[{"embeddable":true,"href":"https:\/\/www.ayuntamientodeharia.com\/haria\/wp-json\/wp\/v2\/media\/20831"}],"wp:attachment":[{"href":"https:\/\/www.ayuntamientodeharia.com\/haria\/wp-json\/wp\/v2\/media?parent=20830"}],"wp:term":[{"taxonomy":"category","embeddable":true,"href":"https:\/\/www.ayuntamientodeharia.com\/haria\/wp-json\/wp\/v2\/categories?post=20830"},{"taxonomy":"post_tag","embeddable":true,"href":"https:\/\/www.ayuntamientodeharia.com\/haria\/wp-json\/wp\/v2\/tags?post=20830"}],"curies":[{"name":"wp","href":"https:\/\/api.w.org\/{rel}","templated":true}]}}