{"id":20795,"date":"2021-05-28T14:32:39","date_gmt":"2021-05-28T14:32:39","guid":{"rendered":"https:\/\/www.ayuntamientodeharia.com\/haria\/?p=20795"},"modified":"2021-05-28T14:32:39","modified_gmt":"2021-05-28T14:32:39","slug":"haria-invierte-cerca-de-40-000-euros-para-la-recuperacion-de-la-finca-municipal-de-los-lajares","status":"publish","type":"post","link":"https:\/\/www.ayuntamientodeharia.com\/haria\/haria-invierte-cerca-de-40-000-euros-para-la-recuperacion-de-la-finca-municipal-de-los-lajares\/","title":{"rendered":"Har\u00eda invierte cerca de 40.000 euros para la recuperaci\u00f3n de la finca municipal de Los Lajares"},"content":{"rendered":"<p>El Ayuntamiento de Har\u00eda ha llevado a cabo obras de acondicionamiento y recuperaci\u00f3n de la finca agro-medio ambiental municipal de Los Lajares. Estas han sido realizadas a trav\u00e9s del Plan de Inversi\u00f3n Municipal 2018 del Cabildo de Lanzarote, y contaron con un presupuesto total de 39.465,42 euros, destinados a mejorar y rehabilitar uno de los espacios m\u00e1s importantes para el sector primario y medioambiental del municipio.<\/p>\n<p>La alcaldesa de Har\u00eda, Chaxiraxi Niz, destaca estas actuaciones como una prioridad que el Ayuntamiento ten\u00eda para \u201cvolver a dar vida a este espacio municipal y para potenciar la diversificaci\u00f3n econ\u00f3mica hacia la que estamos caminando, dando al sector primario un impulso con las herramientas que le facilitamos con esta reforma\u201d.<\/p>\n<p>Este proyecto tiene como objetivo la reforma y rehabilitaci\u00f3n de la finca municipal para su uso agroambiental, de manera que se llevaron a cabo actuaciones como la recuperaci\u00f3n de muros perimetrales, los cuales estaban semi-derrumbados; la rehabilitaci\u00f3n de un paseo deteriorado por el paso de los veh\u00edculos; la reconstrucci\u00f3n de dos taros de la zona; la instalaci\u00f3n de un bebedero para aves, para la recuperaci\u00f3n de la avifauna de la finca y disfrutar de una zona de avistamiento; la recuperaci\u00f3n de una zona de enarenado y el acondicionamiento de la entrada de la finca.<\/p>\n","protected":false},"excerpt":{"rendered":"<p>El Ayuntamiento de Har\u00eda ha llevado a cabo obras de acondicionamiento y recuperaci\u00f3n de la finca agro-medio ambiental municipal de Los Lajares. Estas han sido realizadas a trav\u00e9s del Plan de Inversi\u00f3n Municipal 2018 del Cabildo de Lanzarote, y contaron con un presupuesto total de 39.465,42 euros, destinados a mejorar y rehabilitar uno de los [&hellip;]<\/p>\n","protected":false},"author":13,"featured_media":20796,"comment_status":"closed","ping_status":"closed","sticky":false,"template":"","format":"standard","meta":{"footnotes":""},"categories":[20,73,425,11],"tags":[469,466,503,464,500,566,467,571,898],"class_list":["post-20795","post","type-post","status-publish","format-standard","has-post-thumbnail","hentry","category-agricultura","category-alcaldia","category-destacado","category-hoja-de-haria","tag-agricultura","tag-ayuntamiento","tag-finca","tag-haria","tag-los-lajares","tag-medio-ambiente","tag-obras","tag-reforma","tag-rehabilitacion"],"_links":{"self":[{"href":"https:\/\/www.ayuntamientodeharia.com\/haria\/wp-json\/wp\/v2\/posts\/20795","targetHints":{"allow":["GET"]}}],"collection":[{"href":"https:\/\/www.ayuntamientodeharia.com\/haria\/wp-json\/wp\/v2\/posts"}],"about":[{"href":"https:\/\/www.ayuntamientodeharia.com\/haria\/wp-json\/wp\/v2\/types\/post"}],"author":[{"embeddable":true,"href":"https:\/\/www.ayuntamientodeharia.com\/haria\/wp-json\/wp\/v2\/users\/13"}],"replies":[{"embeddable":true,"href":"https:\/\/www.ayuntamientodeharia.com\/haria\/wp-json\/wp\/v2\/comments?post=20795"}],"version-history":[{"count":1,"href":"https:\/\/www.ayuntamientodeharia.com\/haria\/wp-json\/wp\/v2\/posts\/20795\/revisions"}],"predecessor-version":[{"id":20797,"href":"https:\/\/www.ayuntamientodeharia.com\/haria\/wp-json\/wp\/v2\/posts\/20795\/revisions\/20797"}],"wp:featuredmedia":[{"embeddable":true,"href":"https:\/\/www.ayuntamientodeharia.com\/haria\/wp-json\/wp\/v2\/media\/20796"}],"wp:attachment":[{"href":"https:\/\/www.ayuntamientodeharia.com\/haria\/wp-json\/wp\/v2\/media?parent=20795"}],"wp:term":[{"taxonomy":"category","embeddable":true,"href":"https:\/\/www.ayuntamientodeharia.com\/haria\/wp-json\/wp\/v2\/categories?post=20795"},{"taxonomy":"post_tag","embeddable":true,"href":"https:\/\/www.ayuntamientodeharia.com\/haria\/wp-json\/wp\/v2\/tags?post=20795"}],"curies":[{"name":"wp","href":"https:\/\/api.w.org\/{rel}","templated":true}]}}