{"id":20613,"date":"2021-04-30T13:36:02","date_gmt":"2021-04-30T13:36:02","guid":{"rendered":"https:\/\/www.ayuntamientodeharia.com\/haria\/?p=20613"},"modified":"2021-04-30T13:36:02","modified_gmt":"2021-04-30T13:36:02","slug":"haria-velara-por-el-interes-de-los-vecinos-en-el-conflicto-mediatico-que-el-cabildo-quiere-generar-por-la-cueva-de-los-verdes","status":"publish","type":"post","link":"https:\/\/www.ayuntamientodeharia.com\/haria\/haria-velara-por-el-interes-de-los-vecinos-en-el-conflicto-mediatico-que-el-cabildo-quiere-generar-por-la-cueva-de-los-verdes\/","title":{"rendered":"Har\u00eda velar\u00e1 por el inter\u00e9s de los vecinos en el conflicto medi\u00e1tico que el Cabildo quiere generar por la Cueva de Los Verdes"},"content":{"rendered":"<h4><strong>El grupo de Gobierno exige a la Corporaci\u00f3n insular que act\u00fae con lealtad institucional y abandone el revanchismo pol\u00edtico en el conflicto de la Cueva de Los Verdes, usando una administraci\u00f3n de la que los harianos y harianas tambi\u00e9n forman parte para dar continuidad a una guerra pol\u00edtica contra una formaci\u00f3n<\/strong><\/h4>\n<p>El grupo de gobierno del Ayuntamiento de Har\u00eda velar\u00e1 por el cumplimiento de la sentencia de la Cueva de Los Verdes y centrar\u00e1 su gesti\u00f3n en defender los intereses de la poblaci\u00f3n de su municipio para que no se pierda \u201cni un solo euro\u201d de los recursos que corresponden a sus habitantes durante este conflicto medi\u00e1tico que el Cabildo de Lanzarote quiere generar, un derecho que ha sido reconocido por la Justicia.<\/p>\n<p>Igualmente, recuerda que las solicitudes de ejecuci\u00f3n de la sentencia judicial de la Cueva de Los Verdes y de la anulaci\u00f3n de la adenda al convenio fueron aprobadas por el pleno de la Corporaci\u00f3n el pasado mes de enero y, con ellas, se buscaba que el municipio recibiera una mayor cantidad, en concepto de indemnizaci\u00f3n, que lo establecido en el convenio extrajudicial firmado en su d\u00eda con el Cabildo, y al que se le a\u00f1adi\u00f3 dicha adenda a finales del pasado 2020.<\/p>\n<p>La alcaldesa de Har\u00eda, Chaxiraxi Niz, no entiende c\u00f3mo, despu\u00e9s de una d\u00e9cada y a pesar de que los tribunales han dado la raz\u00f3n al Ayuntamiento, es posible que el municipio siga sin recibir lo que le corresponde, tal y como ha reconocido la propia presidenta del Cabildo, quien ha reiterado la firme voluntad de su grupo de gobierno de poner fin a esta situaci\u00f3n garantizando \u201chasta el \u00faltimo euro de lo que le corresponde a Har\u00eda\u201d.<\/p>\n<p>Por su parte, el teniente de alcalde del Ayuntamiento de Har\u00eda, Jos\u00e9 Torres Stinga, exige a la presidenta que \u201cabandone el sectarismo y partidismo pol\u00edtico\u201d y se preocupe de garantizar el cumplimento de la Ley y las sentencias. \u201cMar\u00eda Dolores Corujo debe velar por los intereses de Har\u00eda y del resto de Lanzarote, no por los de Alfredo Villalba y sus batallas perdidas\u201d.<\/p>\n<p>La regidora critica adem\u00e1s la \u201cpropaganda medi\u00e1tica\u201d que el Cabildo insular est\u00e1 haciendo, malinterpretando unos autos que se\u00f1alan que se debe esperar a la firmeza de la sentencia, que en primera instancia dio la raz\u00f3n a Har\u00eda, sobre la invalidez de la adenda.<\/p>\n<p>\u201cComo se encarg\u00f3 de pregonar la presidenta del Cabildo insular cuando se dict\u00f3 la primera sentencia respecto a la homologaci\u00f3n, estos autos no son firmes y \u201cno aportan mucho al litigio planteado\u201d, a\u00f1ade Niz.<\/p>\n<p>\u201cDediqu\u00e9monos a solucionar los problemas de las personas y dejemos que el Juzgado resuelva lo que en justicia le corresponde a los harianos y harianas\u201d, concluye la primer edil.<\/p>\n","protected":false},"excerpt":{"rendered":"<p>El grupo de Gobierno exige a la Corporaci\u00f3n insular que act\u00fae con lealtad institucional y abandone el revanchismo pol\u00edtico en el conflicto de la Cueva de Los Verdes, usando una administraci\u00f3n de la que los harianos y harianas tambi\u00e9n forman parte para dar continuidad a una guerra pol\u00edtica contra una formaci\u00f3n El grupo de gobierno [&hellip;]<\/p>\n","protected":false},"author":13,"featured_media":20614,"comment_status":"closed","ping_status":"closed","sticky":false,"template":"","format":"standard","meta":{"footnotes":""},"categories":[73,425,11],"tags":[492,785,636,786,464,493],"class_list":["post-20613","post","type-post","status-publish","format-standard","has-post-thumbnail","hentry","category-alcaldia","category-destacado","category-hoja-de-haria","tag-cabildo","tag-conflicto","tag-convenio","tag-cueva-de-los-verdes","tag-haria","tag-lanzarote"],"_links":{"self":[{"href":"https:\/\/www.ayuntamientodeharia.com\/haria\/wp-json\/wp\/v2\/posts\/20613","targetHints":{"allow":["GET"]}}],"collection":[{"href":"https:\/\/www.ayuntamientodeharia.com\/haria\/wp-json\/wp\/v2\/posts"}],"about":[{"href":"https:\/\/www.ayuntamientodeharia.com\/haria\/wp-json\/wp\/v2\/types\/post"}],"author":[{"embeddable":true,"href":"https:\/\/www.ayuntamientodeharia.com\/haria\/wp-json\/wp\/v2\/users\/13"}],"replies":[{"embeddable":true,"href":"https:\/\/www.ayuntamientodeharia.com\/haria\/wp-json\/wp\/v2\/comments?post=20613"}],"version-history":[{"count":1,"href":"https:\/\/www.ayuntamientodeharia.com\/haria\/wp-json\/wp\/v2\/posts\/20613\/revisions"}],"predecessor-version":[{"id":20615,"href":"https:\/\/www.ayuntamientodeharia.com\/haria\/wp-json\/wp\/v2\/posts\/20613\/revisions\/20615"}],"wp:featuredmedia":[{"embeddable":true,"href":"https:\/\/www.ayuntamientodeharia.com\/haria\/wp-json\/wp\/v2\/media\/20614"}],"wp:attachment":[{"href":"https:\/\/www.ayuntamientodeharia.com\/haria\/wp-json\/wp\/v2\/media?parent=20613"}],"wp:term":[{"taxonomy":"category","embeddable":true,"href":"https:\/\/www.ayuntamientodeharia.com\/haria\/wp-json\/wp\/v2\/categories?post=20613"},{"taxonomy":"post_tag","embeddable":true,"href":"https:\/\/www.ayuntamientodeharia.com\/haria\/wp-json\/wp\/v2\/tags?post=20613"}],"curies":[{"name":"wp","href":"https:\/\/api.w.org\/{rel}","templated":true}]}}