{"id":20608,"date":"2021-04-30T13:27:34","date_gmt":"2021-04-30T13:27:34","guid":{"rendered":"https:\/\/www.ayuntamientodeharia.com\/haria\/?p=20608"},"modified":"2021-04-30T13:27:34","modified_gmt":"2021-04-30T13:27:34","slug":"el-ayuntamiento-saca-a-licitacion-el-reasfaltado-de-cinco-calles-del-municipio-de-haria","status":"publish","type":"post","link":"https:\/\/www.ayuntamientodeharia.com\/haria\/el-ayuntamiento-saca-a-licitacion-el-reasfaltado-de-cinco-calles-del-municipio-de-haria\/","title":{"rendered":"El Ayuntamiento saca a licitaci\u00f3n el reasfaltado de cinco calles del municipio de Har\u00eda"},"content":{"rendered":"<h4><strong>Los trabajos cuentan con un presupuesto de 281.000 euros y las empresas interesadas tienen hasta el 25 de mayo para presentarse<\/strong><\/h4>\n<p>El Ayuntamiento de Har\u00eda saca a concurso el reasfaltado de cinco calles del municipio por un importe total de 281.434,57 euros.<\/p>\n<p>La alcaldesa de Har\u00eda, Chaxiraxi Niz, ha explicado que el objetivo de estos trabajos es habilitar el asfalto para mejorar el firme de la calzada y ofrecer a los veh\u00edculos que recorren a diario estas calles mayor seguridad en su circulaci\u00f3n, resolviendo una demanda vecinal recurrente y arreglando el estado deficiente en el que se encuentran estas v\u00edas\u201d.<\/p>\n<p>Por su parte, el concejal de Contrataci\u00f3n P\u00fablica, V\u00edctor Robayna, detalla que, en concreto, la repavimentaci\u00f3n se centrar\u00e1 en las calzadas de las calles El Dice, El Callej\u00f3n, Las Casillas, Alpidio Curbelo Nicol\u00e1s y la calle Arco Iris en Arrieta. Asimismo, el edil explica que la inversi\u00f3n que se acometer\u00e1 corresponde a los Planes de Cooperaci\u00f3n Municipal 2020.<\/p>\n<p>El plazo de ejecuci\u00f3n de las obras ser\u00e1 de 2 meses y las entidades interesadas podr\u00e1n presentar sus solicitudes hasta el pr\u00f3ximo 25 de mayo en el portal web de Contrataci\u00f3n del Sector P\u00fablico, en el enlace:\u00a0 <a href=\"https:\/\/contrataciondelestado.es\/wps\/portal\/!ut\/p\/b0\/Dcq9DkAwEADgpzGfwSQxqFhMYsEtcvqX41SHpvH4On7JBwgbYKDMnhK_gaR4N9ZG4XC3xiYSsYew5kS6BFgBAdmMWWA_Xc1OX-egtJoX9WETpqr2XQfxefofAHr6VA!!\/\">https:\/\/contrataciondelestado.es\/wps\/portal\/!ut\/p\/b0\/Dcq9DkAwEADgpzGfwSQxqFhMYsEtcvqX41SHpvH4On7JBwgbYKDMnhK_gaR4N9ZG4XC3xiYSsYew5kS6BFgBAdmMWWA_Xc1OX-egtJoX9WETpqr2XQfxefofAHr6VA!!\/<\/a><\/p>\n","protected":false},"excerpt":{"rendered":"<p>Los trabajos cuentan con un presupuesto de 281.000 euros y las empresas interesadas tienen hasta el 25 de mayo para presentarse El Ayuntamiento de Har\u00eda saca a concurso el reasfaltado de cinco calles del municipio por un importe total de 281.434,57 euros. La alcaldesa de Har\u00eda, Chaxiraxi Niz, ha explicado que el objetivo de estos [&hellip;]<\/p>\n","protected":false},"author":13,"featured_media":20158,"comment_status":"closed","ping_status":"closed","sticky":false,"template":"","format":"standard","meta":{"footnotes":""},"categories":[32,425,11,23],"tags":[783,466,782,520,464,615,467],"class_list":["post-20608","post","type-post","status-publish","format-standard","has-post-thumbnail","hentry","category-anuncios","category-destacado","category-hoja-de-haria","category-obras-y-servicios","tag-asfaltado","tag-ayuntamiento","tag-calles","tag-contratacion","tag-haria","tag-licitacion","tag-obras"],"_links":{"self":[{"href":"https:\/\/www.ayuntamientodeharia.com\/haria\/wp-json\/wp\/v2\/posts\/20608","targetHints":{"allow":["GET"]}}],"collection":[{"href":"https:\/\/www.ayuntamientodeharia.com\/haria\/wp-json\/wp\/v2\/posts"}],"about":[{"href":"https:\/\/www.ayuntamientodeharia.com\/haria\/wp-json\/wp\/v2\/types\/post"}],"author":[{"embeddable":true,"href":"https:\/\/www.ayuntamientodeharia.com\/haria\/wp-json\/wp\/v2\/users\/13"}],"replies":[{"embeddable":true,"href":"https:\/\/www.ayuntamientodeharia.com\/haria\/wp-json\/wp\/v2\/comments?post=20608"}],"version-history":[{"count":1,"href":"https:\/\/www.ayuntamientodeharia.com\/haria\/wp-json\/wp\/v2\/posts\/20608\/revisions"}],"predecessor-version":[{"id":20609,"href":"https:\/\/www.ayuntamientodeharia.com\/haria\/wp-json\/wp\/v2\/posts\/20608\/revisions\/20609"}],"wp:featuredmedia":[{"embeddable":true,"href":"https:\/\/www.ayuntamientodeharia.com\/haria\/wp-json\/wp\/v2\/media\/20158"}],"wp:attachment":[{"href":"https:\/\/www.ayuntamientodeharia.com\/haria\/wp-json\/wp\/v2\/media?parent=20608"}],"wp:term":[{"taxonomy":"category","embeddable":true,"href":"https:\/\/www.ayuntamientodeharia.com\/haria\/wp-json\/wp\/v2\/categories?post=20608"},{"taxonomy":"post_tag","embeddable":true,"href":"https:\/\/www.ayuntamientodeharia.com\/haria\/wp-json\/wp\/v2\/tags?post=20608"}],"curies":[{"name":"wp","href":"https:\/\/api.w.org\/{rel}","templated":true}]}}