{"id":20606,"date":"2021-04-30T13:25:31","date_gmt":"2021-04-30T13:25:31","guid":{"rendered":"https:\/\/www.ayuntamientodeharia.com\/haria\/?p=20606"},"modified":"2021-04-30T13:25:31","modified_gmt":"2021-04-30T13:25:31","slug":"haria-retoma-las-actividades-de-las-areas-de-igualdad-y-mayores","status":"publish","type":"post","link":"https:\/\/www.ayuntamientodeharia.com\/haria\/haria-retoma-las-actividades-de-las-areas-de-igualdad-y-mayores\/","title":{"rendered":"Har\u00eda retoma las actividades de las \u00e1reas de Igualdad y Mayores"},"content":{"rendered":"<p>El Ayuntamiento de Har\u00eda, a trav\u00e9s de las \u00e1reas de Igualdad y de Mayores, que coordina Chaxiraxi Niz, informa a los vecinos y vecinas del municipio que en el mes de mayo se retoman las actividades suspendidas a causa de la pandemia provocada por el Sars-Cov-2, cumpliendo con todas las medidas de seguridad.<\/p>\n<p>La alcaldesa y concejala de estas \u00c1reas, Chaxiraxi Niz, revela que el departamento de Igualdad tiene previsto comenzar a impartir talleres de manualidades, pintura y cochinilla, este \u00faltimo en colaboraci\u00f3n con la asociaci\u00f3n Milana.<\/p>\n<p>\u201cAsimismo, desde el \u00e1rea de Mayores, reanudaremos el pr\u00f3ximo mes las sesiones de Envejecimiento Activo en los pueblos de Har\u00eda, Arrieta, Punta Mujeres y \u00d3rzola\u201d, detalla la regidora.<\/p>\n<p>Las personas interesadas en recibir m\u00e1s informaci\u00f3n o participar en algunas de la actividades deber\u00e1n llamar por tel\u00e9fono al 928836018, de lunes a viernes, de 9.00 a 14.00 horas. Recordamos que las plazas son limitadas y que se cubrir\u00e1n por orden de inscripci\u00f3n hasta completar aforo.<\/p>\n","protected":false},"excerpt":{"rendered":"<p>El Ayuntamiento de Har\u00eda, a trav\u00e9s de las \u00e1reas de Igualdad y de Mayores, que coordina Chaxiraxi Niz, informa a los vecinos y vecinas del municipio que en el mes de mayo se retoman las actividades suspendidas a causa de la pandemia provocada por el Sars-Cov-2, cumpliendo con todas las medidas de seguridad. La alcaldesa [&hellip;]<\/p>\n","protected":false},"author":13,"featured_media":20273,"comment_status":"closed","ping_status":"closed","sticky":false,"template":"","format":"standard","meta":{"footnotes":""},"categories":[73,425,11,30],"tags":[690,466,464,708,627],"class_list":["post-20606","post","type-post","status-publish","format-standard","has-post-thumbnail","hentry","category-alcaldia","category-destacado","category-hoja-de-haria","category-igualdad","tag-actividades","tag-ayuntamiento","tag-haria","tag-igualdad","tag-mayores"],"_links":{"self":[{"href":"https:\/\/www.ayuntamientodeharia.com\/haria\/wp-json\/wp\/v2\/posts\/20606","targetHints":{"allow":["GET"]}}],"collection":[{"href":"https:\/\/www.ayuntamientodeharia.com\/haria\/wp-json\/wp\/v2\/posts"}],"about":[{"href":"https:\/\/www.ayuntamientodeharia.com\/haria\/wp-json\/wp\/v2\/types\/post"}],"author":[{"embeddable":true,"href":"https:\/\/www.ayuntamientodeharia.com\/haria\/wp-json\/wp\/v2\/users\/13"}],"replies":[{"embeddable":true,"href":"https:\/\/www.ayuntamientodeharia.com\/haria\/wp-json\/wp\/v2\/comments?post=20606"}],"version-history":[{"count":1,"href":"https:\/\/www.ayuntamientodeharia.com\/haria\/wp-json\/wp\/v2\/posts\/20606\/revisions"}],"predecessor-version":[{"id":20607,"href":"https:\/\/www.ayuntamientodeharia.com\/haria\/wp-json\/wp\/v2\/posts\/20606\/revisions\/20607"}],"wp:featuredmedia":[{"embeddable":true,"href":"https:\/\/www.ayuntamientodeharia.com\/haria\/wp-json\/wp\/v2\/media\/20273"}],"wp:attachment":[{"href":"https:\/\/www.ayuntamientodeharia.com\/haria\/wp-json\/wp\/v2\/media?parent=20606"}],"wp:term":[{"taxonomy":"category","embeddable":true,"href":"https:\/\/www.ayuntamientodeharia.com\/haria\/wp-json\/wp\/v2\/categories?post=20606"},{"taxonomy":"post_tag","embeddable":true,"href":"https:\/\/www.ayuntamientodeharia.com\/haria\/wp-json\/wp\/v2\/tags?post=20606"}],"curies":[{"name":"wp","href":"https:\/\/api.w.org\/{rel}","templated":true}]}}