{"id":20603,"date":"2021-04-30T13:23:08","date_gmt":"2021-04-30T13:23:08","guid":{"rendered":"https:\/\/www.ayuntamientodeharia.com\/haria\/?p=20603"},"modified":"2021-04-30T13:23:08","modified_gmt":"2021-04-30T13:23:08","slug":"el-ies-haria-organiza-una-nueva-fase-de-formacion-del-proyecto-hermanos-as-mayores","status":"publish","type":"post","link":"https:\/\/www.ayuntamientodeharia.com\/haria\/el-ies-haria-organiza-una-nueva-fase-de-formacion-del-proyecto-hermanos-as-mayores\/","title":{"rendered":"El IES Har\u00eda organiza una nueva fase de formaci\u00f3n del proyecto \u2018Hermanos\/as Mayores\u2019"},"content":{"rendered":"<p>El Ayuntamiento de Har\u00eda colabor\u00f3 con el IES Har\u00eda para la organizaci\u00f3n de una nueva fase formativa del proyecto \u2018Hermanos\/as Mayores\u2019, una actividad desarrollada los pasados d\u00edas de 22 y 23 de abril centrada en concienciar al alumnado acerca de los conflictos propios de la convivencia en el centro, as\u00ed como la de tomar parte activa en la b\u00fasqueda de soluciones.<\/p>\n<p>A esta actividad acudieron el primer teniente de alcalde del Ayuntamiento de Har\u00eda, Jos\u00e9 Torres Stinga, el concejal Fernando Fontes y la concejala de Educaci\u00f3n y Juventud, Evelia Garc\u00eda, quien destac\u00f3 la importancia de actividades como los contenidos y talleres basados en habilidades socioemocionales, comunicaci\u00f3n asertiva, mediaci\u00f3n de conflictos y gesti\u00f3n del estr\u00e9s a trav\u00e9s del Mindfulness, para el desarrollo de los estudiantes y para su integraci\u00f3n en la sociedad. Los asistentes m\u00e1s veteranos centraron su formaci\u00f3n en el Acoso Escolar y Ciberbullying.<\/p>\n<p>Esta iniciativa tuvo lugar en el Centro Sociocultural La Tegala y el IES Har\u00eda agradeci\u00f3 al Consistorio su colaboraci\u00f3n y la cesi\u00f3n de este espacio para hacer posible por cuarto a\u00f1o la celebraci\u00f3n de un proyecto tan importante y enriquecedor.<\/p>\n<p>Actualmente, el equipo de Hermanos\/as Mayores del IES Har\u00eda desempe\u00f1a una labor fundamental en la mejora de la convivencia en los pasillos, patios y aulas del instituto. Desde el Ayuntamiento, estamos muy orgullosos de poder contar con un equipo con tantas ganas de aprender y ayudar y confiamos en que siga contribuyendo a la \u201ccultura de paz\u201d del centro, de manera que nuestros \u201chermanos\/as mayores\u201d sepan extender conocimiento y actitudes a lo largo de sus vidas.<\/p>\n","protected":false},"excerpt":{"rendered":"<p>El Ayuntamiento de Har\u00eda colabor\u00f3 con el IES Har\u00eda para la organizaci\u00f3n de una nueva fase formativa del proyecto \u2018Hermanos\/as Mayores\u2019, una actividad desarrollada los pasados d\u00edas de 22 y 23 de abril centrada en concienciar al alumnado acerca de los conflictos propios de la convivencia en el centro, as\u00ed como la de tomar parte [&hellip;]<\/p>\n","protected":false},"author":13,"featured_media":20604,"comment_status":"closed","ping_status":"closed","sticky":false,"template":"","format":"standard","meta":{"footnotes":""},"categories":[425,19,11,25],"tags":[466,498,464,781,780,627,572],"class_list":["post-20603","post","type-post","status-publish","format-standard","has-post-thumbnail","hentry","category-destacado","category-formacion","category-hoja-de-haria","category-juventud","tag-ayuntamiento","tag-educacion","tag-haria","tag-hermanos","tag-ies-haria","tag-mayores","tag-proyecto"],"_links":{"self":[{"href":"https:\/\/www.ayuntamientodeharia.com\/haria\/wp-json\/wp\/v2\/posts\/20603","targetHints":{"allow":["GET"]}}],"collection":[{"href":"https:\/\/www.ayuntamientodeharia.com\/haria\/wp-json\/wp\/v2\/posts"}],"about":[{"href":"https:\/\/www.ayuntamientodeharia.com\/haria\/wp-json\/wp\/v2\/types\/post"}],"author":[{"embeddable":true,"href":"https:\/\/www.ayuntamientodeharia.com\/haria\/wp-json\/wp\/v2\/users\/13"}],"replies":[{"embeddable":true,"href":"https:\/\/www.ayuntamientodeharia.com\/haria\/wp-json\/wp\/v2\/comments?post=20603"}],"version-history":[{"count":1,"href":"https:\/\/www.ayuntamientodeharia.com\/haria\/wp-json\/wp\/v2\/posts\/20603\/revisions"}],"predecessor-version":[{"id":20605,"href":"https:\/\/www.ayuntamientodeharia.com\/haria\/wp-json\/wp\/v2\/posts\/20603\/revisions\/20605"}],"wp:featuredmedia":[{"embeddable":true,"href":"https:\/\/www.ayuntamientodeharia.com\/haria\/wp-json\/wp\/v2\/media\/20604"}],"wp:attachment":[{"href":"https:\/\/www.ayuntamientodeharia.com\/haria\/wp-json\/wp\/v2\/media?parent=20603"}],"wp:term":[{"taxonomy":"category","embeddable":true,"href":"https:\/\/www.ayuntamientodeharia.com\/haria\/wp-json\/wp\/v2\/categories?post=20603"},{"taxonomy":"post_tag","embeddable":true,"href":"https:\/\/www.ayuntamientodeharia.com\/haria\/wp-json\/wp\/v2\/tags?post=20603"}],"curies":[{"name":"wp","href":"https:\/\/api.w.org\/{rel}","templated":true}]}}