{"id":20597,"date":"2021-04-30T13:18:50","date_gmt":"2021-04-30T13:18:50","guid":{"rendered":"https:\/\/www.ayuntamientodeharia.com\/haria\/?p=20597"},"modified":"2021-04-30T13:18:50","modified_gmt":"2021-04-30T13:18:50","slug":"finalizan-las-obras-y-se-reabre-al-publico-la-pasarela-de-la-playa-de-la-garita","status":"publish","type":"post","link":"https:\/\/www.ayuntamientodeharia.com\/haria\/finalizan-las-obras-y-se-reabre-al-publico-la-pasarela-de-la-playa-de-la-garita\/","title":{"rendered":"Finalizan las obras y se reabre al p\u00fablico la pasarela de la Playa de La Garita"},"content":{"rendered":"<p>El Ayuntamiento de Har\u00eda informa a los vecinos y vecinas del municipio que las obras de la pasarela de la Playa de La Garita ya han finalizado y esta ya se encuentra reabierta para el p\u00fablico.<\/p>\n<p>El Consistorio se congratula de que, por fin, tras numerosos problemas durante el proceso de rehabilitaci\u00f3n, haya culminado la reforma de esta estructura tan importante para el paisaje de Har\u00eda, de que se encuentre en buenas condiciones, y de que la poblaci\u00f3n y los visitantes puedan disfrutar de la misma.<\/p>\n","protected":false},"excerpt":{"rendered":"<p>El Ayuntamiento de Har\u00eda informa a los vecinos y vecinas del municipio que las obras de la pasarela de la Playa de La Garita ya han finalizado y esta ya se encuentra reabierta para el p\u00fablico. El Consistorio se congratula de que, por fin, tras numerosos problemas durante el proceso de rehabilitaci\u00f3n, haya culminado la [&hellip;]<\/p>\n","protected":false},"author":13,"featured_media":20598,"comment_status":"closed","ping_status":"closed","sticky":false,"template":"","format":"standard","meta":{"footnotes":""},"categories":[32,11,23],"tags":[776,464,563,467,777,564,480],"class_list":["post-20597","post","type-post","status-publish","format-standard","has-post-thumbnail","hentry","category-anuncios","category-hoja-de-haria","category-obras-y-servicios","tag-final","tag-haria","tag-la-garita","tag-obras","tag-pasarela","tag-playa","tag-reapertura"],"_links":{"self":[{"href":"https:\/\/www.ayuntamientodeharia.com\/haria\/wp-json\/wp\/v2\/posts\/20597","targetHints":{"allow":["GET"]}}],"collection":[{"href":"https:\/\/www.ayuntamientodeharia.com\/haria\/wp-json\/wp\/v2\/posts"}],"about":[{"href":"https:\/\/www.ayuntamientodeharia.com\/haria\/wp-json\/wp\/v2\/types\/post"}],"author":[{"embeddable":true,"href":"https:\/\/www.ayuntamientodeharia.com\/haria\/wp-json\/wp\/v2\/users\/13"}],"replies":[{"embeddable":true,"href":"https:\/\/www.ayuntamientodeharia.com\/haria\/wp-json\/wp\/v2\/comments?post=20597"}],"version-history":[{"count":1,"href":"https:\/\/www.ayuntamientodeharia.com\/haria\/wp-json\/wp\/v2\/posts\/20597\/revisions"}],"predecessor-version":[{"id":20599,"href":"https:\/\/www.ayuntamientodeharia.com\/haria\/wp-json\/wp\/v2\/posts\/20597\/revisions\/20599"}],"wp:featuredmedia":[{"embeddable":true,"href":"https:\/\/www.ayuntamientodeharia.com\/haria\/wp-json\/wp\/v2\/media\/20598"}],"wp:attachment":[{"href":"https:\/\/www.ayuntamientodeharia.com\/haria\/wp-json\/wp\/v2\/media?parent=20597"}],"wp:term":[{"taxonomy":"category","embeddable":true,"href":"https:\/\/www.ayuntamientodeharia.com\/haria\/wp-json\/wp\/v2\/categories?post=20597"},{"taxonomy":"post_tag","embeddable":true,"href":"https:\/\/www.ayuntamientodeharia.com\/haria\/wp-json\/wp\/v2\/tags?post=20597"}],"curies":[{"name":"wp","href":"https:\/\/api.w.org\/{rel}","templated":true}]}}