{"id":20562,"date":"2021-04-16T15:22:22","date_gmt":"2021-04-16T15:22:22","guid":{"rendered":"https:\/\/www.ayuntamientodeharia.com\/haria\/?p=20562"},"modified":"2021-04-16T15:22:22","modified_gmt":"2021-04-16T15:22:22","slug":"la-primera-caminata-pateus-nocturnus-del-ano-tendra-lugar-en-mala","status":"publish","type":"post","link":"https:\/\/www.ayuntamientodeharia.com\/haria\/la-primera-caminata-pateus-nocturnus-del-ano-tendra-lugar-en-mala\/","title":{"rendered":"La primera caminata \u2018Pateus Nocturnus\u2019 del a\u00f1o tendr\u00e1 lugar en Mala"},"content":{"rendered":"<p>El departamento de Juventud del Ayuntamiento de Har\u00eda, Punto Joven, organiza el pr\u00f3ximo s\u00e1bado, 24 de abril, la primera \u2018Pateus Nocturnus\u2019\u00a0de este a\u00f1o. La\u00a0ruta nocturna se llevar\u00e1 a cabo alrededor de la Presa de Mala, en Valle Palomo.<\/p>\n<p><!--more--><\/p>\n<p>La salida ser\u00e1 a las\u00a020:00 horas desde el Colegio P\u00fablico Las Mercedes de Mala.\u00a0El recorrido estar\u00e1 indicado para cualquier persona que quiera disfrutar de un paseo nocturno. Los asistentes tienen que llevar agua, linterna, ropa y calzado c\u00f3modo. Los menores de 12 a\u00f1os deber\u00e1n ir acompa\u00f1ados por un adulto.<\/p>\n<p>Para poder llevar a cabo la actividad con seguridad sanitaria todos los participantes tienen que hacer uso de la mascarilla obligatoria a la llegada al punto de encuentro\u00a0y durante la actividad. Se pondr\u00e1 prescindir de ella excepcionalmente (beber agua, s\u00edntomas de cansancio, etc.) si as\u00ed se considera necesario garantizando en todo momento la distancia m\u00ednima de 2 metros con el resto del grupo en todo momento.<\/p>\n<p>Las personas interesadas en acudir a la caminata deber\u00e1n inscribirse\u00a0a partir\u00a0de las 8.00 horas del lunes, 19 de abril,\u00a0en la Agenda de la web\u00a0www.juventudharia.es. Las plazas son limitadas y se ir\u00e1n cubriendo por orden de inscripci\u00f3n.\u00a0Para m\u00e1s informaci\u00f3n pueden contactar en el tel\u00e9fono 928835009 extensi\u00f3n 6 o en\u00a0\u00a0juventud@ayuntamientodeharia.com.<\/p>\n","protected":false},"excerpt":{"rendered":"<p>El departamento de Juventud del Ayuntamiento de Har\u00eda, Punto Joven, organiza el pr\u00f3ximo s\u00e1bado, 24 de abril, la primera \u2018Pateus Nocturnus\u2019\u00a0de este a\u00f1o. La\u00a0ruta nocturna se llevar\u00e1 a cabo alrededor de la Presa de Mala, en Valle Palomo.<\/p>\n","protected":false},"author":13,"featured_media":20563,"comment_status":"closed","ping_status":"closed","sticky":false,"template":"","format":"standard","meta":{"footnotes":""},"categories":[11],"tags":[],"class_list":["post-20562","post","type-post","status-publish","format-standard","has-post-thumbnail","hentry","category-hoja-de-haria"],"_links":{"self":[{"href":"https:\/\/www.ayuntamientodeharia.com\/haria\/wp-json\/wp\/v2\/posts\/20562","targetHints":{"allow":["GET"]}}],"collection":[{"href":"https:\/\/www.ayuntamientodeharia.com\/haria\/wp-json\/wp\/v2\/posts"}],"about":[{"href":"https:\/\/www.ayuntamientodeharia.com\/haria\/wp-json\/wp\/v2\/types\/post"}],"author":[{"embeddable":true,"href":"https:\/\/www.ayuntamientodeharia.com\/haria\/wp-json\/wp\/v2\/users\/13"}],"replies":[{"embeddable":true,"href":"https:\/\/www.ayuntamientodeharia.com\/haria\/wp-json\/wp\/v2\/comments?post=20562"}],"version-history":[{"count":1,"href":"https:\/\/www.ayuntamientodeharia.com\/haria\/wp-json\/wp\/v2\/posts\/20562\/revisions"}],"predecessor-version":[{"id":20564,"href":"https:\/\/www.ayuntamientodeharia.com\/haria\/wp-json\/wp\/v2\/posts\/20562\/revisions\/20564"}],"wp:featuredmedia":[{"embeddable":true,"href":"https:\/\/www.ayuntamientodeharia.com\/haria\/wp-json\/wp\/v2\/media\/20563"}],"wp:attachment":[{"href":"https:\/\/www.ayuntamientodeharia.com\/haria\/wp-json\/wp\/v2\/media?parent=20562"}],"wp:term":[{"taxonomy":"category","embeddable":true,"href":"https:\/\/www.ayuntamientodeharia.com\/haria\/wp-json\/wp\/v2\/categories?post=20562"},{"taxonomy":"post_tag","embeddable":true,"href":"https:\/\/www.ayuntamientodeharia.com\/haria\/wp-json\/wp\/v2\/tags?post=20562"}],"curies":[{"name":"wp","href":"https:\/\/api.w.org\/{rel}","templated":true}]}}