{"id":20559,"date":"2021-04-16T15:20:51","date_gmt":"2021-04-16T15:20:51","guid":{"rendered":"https:\/\/www.ayuntamientodeharia.com\/haria\/?p=20559"},"modified":"2021-04-16T15:20:51","modified_gmt":"2021-04-16T15:20:51","slug":"adjudicada-la-gestion-del-centro-sociocultural-de-ye","status":"publish","type":"post","link":"https:\/\/www.ayuntamientodeharia.com\/haria\/adjudicada-la-gestion-del-centro-sociocultural-de-ye\/","title":{"rendered":"Adjudicada la gesti\u00f3n del centro sociocultural de Ye"},"content":{"rendered":"<p>El proceso de licitaci\u00f3n para la gesti\u00f3n del centro sociocultural El Tef\u00edo de Ye ha finalizado y el teleclub ya cuenta con nueva adjudicataria.<\/p>\n<p><!--more--><\/p>\n<p>La alcaldesa de Har\u00eda, Chaxiraxi Niz, junto a la nueva adjudicataria y al presidente de la asociaci\u00f3n de vecinos y vecinas de Ye, visitaron durante esta semana las instalaciones del centro, \u201cque est\u00e1 listo para comenzar una nueva etapa, tras el largo proceso administrativo\u201d, seg\u00fan apunta la regidora.<\/p>\n<p>\u201cFinalmente, tras las reformas y el procedimiento administrativo, la ciudadan\u00eda podr\u00e1 disfrutar nuevamente de este espacio emblem\u00e1tico de Ye en las mejores condiciones posibles\u201d, concluy\u00f3 la alcaldesa.<\/p>\n","protected":false},"excerpt":{"rendered":"<p>El proceso de licitaci\u00f3n para la gesti\u00f3n del centro sociocultural El Tef\u00edo de Ye ha finalizado y el teleclub ya cuenta con nueva adjudicataria.<\/p>\n","protected":false},"author":13,"featured_media":20560,"comment_status":"closed","ping_status":"closed","sticky":false,"template":"","format":"standard","meta":{"footnotes":""},"categories":[11],"tags":[],"class_list":["post-20559","post","type-post","status-publish","format-standard","has-post-thumbnail","hentry","category-hoja-de-haria"],"_links":{"self":[{"href":"https:\/\/www.ayuntamientodeharia.com\/haria\/wp-json\/wp\/v2\/posts\/20559","targetHints":{"allow":["GET"]}}],"collection":[{"href":"https:\/\/www.ayuntamientodeharia.com\/haria\/wp-json\/wp\/v2\/posts"}],"about":[{"href":"https:\/\/www.ayuntamientodeharia.com\/haria\/wp-json\/wp\/v2\/types\/post"}],"author":[{"embeddable":true,"href":"https:\/\/www.ayuntamientodeharia.com\/haria\/wp-json\/wp\/v2\/users\/13"}],"replies":[{"embeddable":true,"href":"https:\/\/www.ayuntamientodeharia.com\/haria\/wp-json\/wp\/v2\/comments?post=20559"}],"version-history":[{"count":1,"href":"https:\/\/www.ayuntamientodeharia.com\/haria\/wp-json\/wp\/v2\/posts\/20559\/revisions"}],"predecessor-version":[{"id":20561,"href":"https:\/\/www.ayuntamientodeharia.com\/haria\/wp-json\/wp\/v2\/posts\/20559\/revisions\/20561"}],"wp:featuredmedia":[{"embeddable":true,"href":"https:\/\/www.ayuntamientodeharia.com\/haria\/wp-json\/wp\/v2\/media\/20560"}],"wp:attachment":[{"href":"https:\/\/www.ayuntamientodeharia.com\/haria\/wp-json\/wp\/v2\/media?parent=20559"}],"wp:term":[{"taxonomy":"category","embeddable":true,"href":"https:\/\/www.ayuntamientodeharia.com\/haria\/wp-json\/wp\/v2\/categories?post=20559"},{"taxonomy":"post_tag","embeddable":true,"href":"https:\/\/www.ayuntamientodeharia.com\/haria\/wp-json\/wp\/v2\/tags?post=20559"}],"curies":[{"name":"wp","href":"https:\/\/api.w.org\/{rel}","templated":true}]}}