{"id":20551,"date":"2021-04-16T15:15:20","date_gmt":"2021-04-16T15:15:20","guid":{"rendered":"https:\/\/www.ayuntamientodeharia.com\/haria\/?p=20551"},"modified":"2021-04-16T15:15:20","modified_gmt":"2021-04-16T15:15:20","slug":"haria-presenta-librarte-un-programa-multicultural-para-fomentar-el-habito-de-la-lectura","status":"publish","type":"post","link":"https:\/\/www.ayuntamientodeharia.com\/haria\/haria-presenta-librarte-un-programa-multicultural-para-fomentar-el-habito-de-la-lectura\/","title":{"rendered":"Har\u00eda presenta \u2018Librarte\u2019, un programa multicultural para fomentar el h\u00e1bito de la lectura"},"content":{"rendered":"<p>El Ayuntamiento de Har\u00eda, a trav\u00e9s del \u00e1rea de Cultura, presenta Librarte, revuelto de arte y libros, un programa multicultural donde tiene cabida la literatura, la pintura, la narraci\u00f3n oral, el dise\u00f1o y el teatro.<!--more--><\/p>\n<p>Del 21 al 24 de abril la sala El Aljibe de Har\u00eda, la Biblioteca Municipal y la sala de teatro La Tegala ser\u00e1n los espacios destinados a estas actividades gratuitas con el objetivo de sensibilizar, dar a conocer y promocionar el h\u00e1bito de la lectura entre los habitantes del municipio.<\/p>\n<p>La alcaldesa de Har\u00eda, Chaxiraxi Niz, se\u00f1ala la importancia de retomar la actividad del sector cultural del municipio con un programa que dar\u00e1 visibilidad a numerosos artistas y que animar\u00e1 a la poblaci\u00f3n a seguir consumiendo cultura en espacios donde el protocolo sanitario permite que estas representaciones sean seguras.<\/p>\n<p>Por su parte, la concejal de Cultura, Evelia Garc\u00eda, se enorgullece de dar protagonismo a estos espacios tan carism\u00e1ticos de la localidad lanzarote\u00f1a y reconoce estar \u201cmuy satisfecha con este programa cultural que durante cuatro d\u00edas acercar\u00e1 diferentes disciplinas art\u00edsticas a los vecinos de Har\u00eda con el \u00e1nimo de que se enganchen a la cultura porque es un alimento para el alma\u201d.<\/p>\n<p>Los actos empezar\u00e1n el mi\u00e9rcoles 21 con la lectura infantil a cargo de Mon Peraza, la inauguraci\u00f3n de la exposici\u00f3n de ilustraci\u00f3n y artes pl\u00e1sticas de Ifar\u00e1 Meli\u00e1n y la presentaci\u00f3n de un libro de Carlos Battaglini.<\/p>\n<p>Seguir\u00e1n el jueves 22 con la organizaci\u00f3n de una caminata y narraci\u00f3n de Elena Castillo as\u00ed como la inauguraci\u00f3n de la exposici\u00f3n de Raquel Plans con la performance a cargo de Miren Edurne. El viernes 23 de abril, D\u00eda del Libro, tendr\u00e1 lugar el relato de Mar\u00eda Buenadicha, la presentaci\u00f3n del libro de Ignacio Romero y el concierto de UAL-LA. Para finalizar esta agenda cultural, el s\u00e1bado 24 de abril, ser\u00e1 la presentaci\u00f3n de un libro de Ico Toledo y la narraci\u00f3n oral para adultos a cargo de Cristina Temprano.<\/p>\n<p>Debido a las restricciones de aforo, los interesados tendr\u00e1n que solicitar una invitaci\u00f3n a partir del 14 de abril en la web www.culturedharia.com. Adem\u00e1s, el diez por ciento del aforo de los eventos de la sala teatro La Tegala estar\u00e1 reservado para los mayores de 65 a\u00f1os que deseen retirar las entradas en el departamento de cultura de la instituci\u00f3n.<\/p>\n","protected":false},"excerpt":{"rendered":"<p>El Ayuntamiento de Har\u00eda, a trav\u00e9s del \u00e1rea de Cultura, presenta Librarte, revuelto de arte y libros, un programa multicultural donde tiene cabida la literatura, la pintura, la narraci\u00f3n oral, el dise\u00f1o y el teatro.<\/p>\n","protected":false},"author":13,"featured_media":20552,"comment_status":"closed","ping_status":"closed","sticky":false,"template":"","format":"standard","meta":{"footnotes":""},"categories":[11],"tags":[],"class_list":["post-20551","post","type-post","status-publish","format-standard","has-post-thumbnail","hentry","category-hoja-de-haria"],"_links":{"self":[{"href":"https:\/\/www.ayuntamientodeharia.com\/haria\/wp-json\/wp\/v2\/posts\/20551","targetHints":{"allow":["GET"]}}],"collection":[{"href":"https:\/\/www.ayuntamientodeharia.com\/haria\/wp-json\/wp\/v2\/posts"}],"about":[{"href":"https:\/\/www.ayuntamientodeharia.com\/haria\/wp-json\/wp\/v2\/types\/post"}],"author":[{"embeddable":true,"href":"https:\/\/www.ayuntamientodeharia.com\/haria\/wp-json\/wp\/v2\/users\/13"}],"replies":[{"embeddable":true,"href":"https:\/\/www.ayuntamientodeharia.com\/haria\/wp-json\/wp\/v2\/comments?post=20551"}],"version-history":[{"count":1,"href":"https:\/\/www.ayuntamientodeharia.com\/haria\/wp-json\/wp\/v2\/posts\/20551\/revisions"}],"predecessor-version":[{"id":20553,"href":"https:\/\/www.ayuntamientodeharia.com\/haria\/wp-json\/wp\/v2\/posts\/20551\/revisions\/20553"}],"wp:featuredmedia":[{"embeddable":true,"href":"https:\/\/www.ayuntamientodeharia.com\/haria\/wp-json\/wp\/v2\/media\/20552"}],"wp:attachment":[{"href":"https:\/\/www.ayuntamientodeharia.com\/haria\/wp-json\/wp\/v2\/media?parent=20551"}],"wp:term":[{"taxonomy":"category","embeddable":true,"href":"https:\/\/www.ayuntamientodeharia.com\/haria\/wp-json\/wp\/v2\/categories?post=20551"},{"taxonomy":"post_tag","embeddable":true,"href":"https:\/\/www.ayuntamientodeharia.com\/haria\/wp-json\/wp\/v2\/tags?post=20551"}],"curies":[{"name":"wp","href":"https:\/\/api.w.org\/{rel}","templated":true}]}}