{"id":20499,"date":"2021-04-09T13:45:17","date_gmt":"2021-04-09T13:45:17","guid":{"rendered":"https:\/\/www.ayuntamientodeharia.com\/haria\/?p=20499"},"modified":"2021-04-09T13:45:17","modified_gmt":"2021-04-09T13:45:17","slug":"haria-vuelve-a-abrir-las-puertas-de-la-biblioteca-municipal-maria-luisa-perdomo","status":"publish","type":"post","link":"https:\/\/www.ayuntamientodeharia.com\/haria\/haria-vuelve-a-abrir-las-puertas-de-la-biblioteca-municipal-maria-luisa-perdomo\/","title":{"rendered":"Har\u00eda vuelve a abrir las puertas de la Biblioteca Municipal \u2018Mar\u00eda Luisa Perdomo\u2019"},"content":{"rendered":"<h5 class=\"p1\"><strong>A partir del 9 de abril, la ciudadan\u00eda podr\u00e1 acudir a la sala de estudio de lunes a vieres, entre las 8.00 y las 20.00 horas y los s\u00e1bados entre las 8.00 y las 14.00 horas<\/strong><\/h5>\n<p class=\"p1\"><span class=\"s1\">El Ayuntamiento de Har\u00eda, a trav\u00e9s del \u00e1rea de Cultura, que coordina Evelia Garc\u00eda, anuncia la reapertura de las puertas de la Biblioteca Municipal \u2018Mar\u00eda Luisa Perdomo\u2019, para el uso y disfrute de los vecinos y vecinas del municipio norte\u00f1o.<\/span><\/p>\n<p class=\"p1\"><span class=\"s1\">La alcaldesa de Har\u00eda, Chaxiraxi Niz, agradece la colaboraci\u00f3n de los numerosos trabajadores y trabajadoras que han hecho posible que, \u201cdespu\u00e9s de tantos a\u00f1os cerrada, pudi\u00e9semos volver a dar vida a este espacio fundamental para mantener y fomentar la cultura con h\u00e1bitos tan beneficiosos como la lectura y el estudio\u201d.<\/span><\/p>\n<p class=\"p1\"><span class=\"s1\">Por su parte, la concejala de Cultura del Consistorio norte\u00f1o, Evelia Garc\u00eda, se\u00f1ala que \u201cdesde el Ayuntamiento, ten\u00edamos claro que poner en funcionamiento la Biblioteca Municipal era una prioridad y, ahora que lo hemos hecho realidad, invitamos a toda la ciudadan\u00eda a acudir a este espacio, donde se tendr\u00e1n en cuenta todas las medidas sanitarias para garantizar la seguridad de todos\u201d.<\/span><\/p>\n<p class=\"p1\"><span class=\"s1\">A partir de hoy, 9 de abril, se podr\u00e1 disfrutar de la sala de estudio, as\u00ed como de una interesante variedad de libros de consulta, de lectura y del servicio de pr\u00e9stamo de libros, en horario de lunes a viernes, de 8.00 a 20.00 horas, y s\u00e1bados de 8.00 a 14.00 horas.<\/span><\/p>\n<p class=\"p1\"><span class=\"s1\">Asimismo, recordamos que la Biblioteca se encuentra dentro de la Red de Bibliotecas Canarias (BICA), por lo que se puede acceder telem\u00e1ticamente a toda la informaci\u00f3n de los libros catalogados actualmente en la Biblioteca Municipal de Har\u00eda, as\u00ed como consultar disponibilidad de otros en el resto de Canarias. <\/span><\/p>\n<p class=\"p1\"><span class=\"s1\">Cabe destacar la buena acogida que ha tenido la propuesta de darse de alta en la biblioteca a trav\u00e9s de la p\u00e1gina web de nuestro Ayuntamiento, donde sigue habilitada una \u2018ventana\u2019 espec\u00edfica de Biblioteca. <\/span><\/p>\n","protected":false},"excerpt":{"rendered":"<p>A partir del 9 de abril, la ciudadan\u00eda podr\u00e1 acudir a la sala de estudio de lunes a vieres, entre las 8.00 y las 20.00 horas y los s\u00e1bados entre las 8.00 y las 14.00 horas El Ayuntamiento de Har\u00eda, a trav\u00e9s del \u00e1rea de Cultura, que coordina Evelia Garc\u00eda, anuncia la reapertura de las [&hellip;]<\/p>\n","protected":false},"author":13,"featured_media":20500,"comment_status":"closed","ping_status":"closed","sticky":false,"template":"","format":"standard","meta":{"footnotes":""},"categories":[73,16,425,11],"tags":[761,466,667,730,464,763,762,571],"class_list":["post-20499","post","type-post","status-publish","format-standard","has-post-thumbnail","hentry","category-alcaldia","category-cultura","category-destacado","category-hoja-de-haria","tag-apertura","tag-ayuntamiento","tag-biblioteca","tag-cultura","tag-haria","tag-maria-luisa-perdomo","tag-municipal","tag-reforma"],"_links":{"self":[{"href":"https:\/\/www.ayuntamientodeharia.com\/haria\/wp-json\/wp\/v2\/posts\/20499","targetHints":{"allow":["GET"]}}],"collection":[{"href":"https:\/\/www.ayuntamientodeharia.com\/haria\/wp-json\/wp\/v2\/posts"}],"about":[{"href":"https:\/\/www.ayuntamientodeharia.com\/haria\/wp-json\/wp\/v2\/types\/post"}],"author":[{"embeddable":true,"href":"https:\/\/www.ayuntamientodeharia.com\/haria\/wp-json\/wp\/v2\/users\/13"}],"replies":[{"embeddable":true,"href":"https:\/\/www.ayuntamientodeharia.com\/haria\/wp-json\/wp\/v2\/comments?post=20499"}],"version-history":[{"count":1,"href":"https:\/\/www.ayuntamientodeharia.com\/haria\/wp-json\/wp\/v2\/posts\/20499\/revisions"}],"predecessor-version":[{"id":20501,"href":"https:\/\/www.ayuntamientodeharia.com\/haria\/wp-json\/wp\/v2\/posts\/20499\/revisions\/20501"}],"wp:featuredmedia":[{"embeddable":true,"href":"https:\/\/www.ayuntamientodeharia.com\/haria\/wp-json\/wp\/v2\/media\/20500"}],"wp:attachment":[{"href":"https:\/\/www.ayuntamientodeharia.com\/haria\/wp-json\/wp\/v2\/media?parent=20499"}],"wp:term":[{"taxonomy":"category","embeddable":true,"href":"https:\/\/www.ayuntamientodeharia.com\/haria\/wp-json\/wp\/v2\/categories?post=20499"},{"taxonomy":"post_tag","embeddable":true,"href":"https:\/\/www.ayuntamientodeharia.com\/haria\/wp-json\/wp\/v2\/tags?post=20499"}],"curies":[{"name":"wp","href":"https:\/\/api.w.org\/{rel}","templated":true}]}}