{"id":20495,"date":"2021-04-09T13:42:31","date_gmt":"2021-04-09T13:42:31","guid":{"rendered":"https:\/\/www.ayuntamientodeharia.com\/haria\/?p=20495"},"modified":"2021-04-09T13:42:31","modified_gmt":"2021-04-09T13:42:31","slug":"el-ayuntamiento-organiza-el-concurso-de-relatos-cortos-voy-a-escribir-de-ti-haria","status":"publish","type":"post","link":"https:\/\/www.ayuntamientodeharia.com\/haria\/el-ayuntamiento-organiza-el-concurso-de-relatos-cortos-voy-a-escribir-de-ti-haria\/","title":{"rendered":"El Ayuntamiento organiza el concurso de relatos cortos \u2018Voy a escribir de ti, Har\u00eda\u2019"},"content":{"rendered":"<p class=\"p1\">El Ayuntamiento de Har\u00eda, a trav\u00e9s del departamento de Participaci\u00f3n Ciudadana, que coordina Alejandro Hern\u00e1ndez, pone en marcha el concurso de relatos cortos titulado \u2018Voy a escribir de ti, Har\u00eda\u2019, una iniciativa encaminada a fomentar la lectura y expresi\u00f3n escrita entre la poblaci\u00f3n de todas las edades del municipio norte\u00f1o.<\/p>\n<p class=\"p1\">El concejal responsable del \u00e1rea de Participaci\u00f3n Ciudadana, Alejandro Hern\u00e1ndez, detalla que la participaci\u00f3n estar\u00e1 abierta entre el 12 y el 30 de abril y que los relatos presentados deben enfocarse o desarrollarse en rincones del municipio de Har\u00eda. Estos pueden tener cualquier tem\u00e1tica, estar escritos en verso o prosa, y deben estar escritos en castellano, ser originales e in\u00e9ditos.<\/p>\n<p class=\"p1\">\u201cQueremos potenciar h\u00e1bitos como la lectura o escritura entre la ciudadan\u00eda de Har\u00eda y los relatos ambientados en Har\u00eda es la manera ideal de hacerlo, a la vez que describimos a todas las personas con palabras las maravillas y singularidades de nuestro municipio\u201d, se\u00f1ala el edil.<\/p>\n<p class=\"p1\">Los participantes del concurso se dividir\u00e1n en cuatro categor\u00edas, seg\u00fan la edad de estos. Los ni\u00f1os y ni\u00f1as de hasta 12 a\u00f1os pertenecen a la categor\u00eda Infantil, los de 13 a 18 a\u00f1os, a la Juvenil, las personas de 19 a 60 a\u00f1os, a la Adulta, y los mayores de 61 a\u00f1os, a la categor\u00eda Senior. Podr\u00e1n participar personas de toda la Isla y cada concursante podr\u00e1 hacerlo con una \u00fanica obra.<\/p>\n<p class=\"p1\">Para m\u00e1s informaci\u00f3n, podr\u00e1n consultar debajo las bases del concurso,<\/p>\n<p class=\"p1\"><a href=\"https:\/\/www.ayuntamientodeharia.com\/haria\/wp-content\/uploads\/2021\/04\/BASES-RELATOS-CORTOS-CORREGIDO.docx\">BASES RELATOS CORTOS<\/a><\/p>\n","protected":false},"excerpt":{"rendered":"<p>El Ayuntamiento de Har\u00eda, a trav\u00e9s del departamento de Participaci\u00f3n Ciudadana, que coordina Alejandro Hern\u00e1ndez, pone en marcha el concurso de relatos cortos titulado \u2018Voy a escribir de ti, Har\u00eda\u2019, una iniciativa encaminada a fomentar la lectura y expresi\u00f3n escrita entre la poblaci\u00f3n de todas las edades del municipio norte\u00f1o. El concejal responsable del \u00e1rea [&hellip;]<\/p>\n","protected":false},"author":13,"featured_media":20497,"comment_status":"closed","ping_status":"closed","sticky":false,"template":"","format":"standard","meta":{"footnotes":""},"categories":[32,425,11,111],"tags":[466,603,759,760,464,570,758],"class_list":["post-20495","post","type-post","status-publish","format-standard","has-post-thumbnail","hentry","category-anuncios","category-destacado","category-hoja-de-haria","category-participacion-ciudadana","tag-ayuntamiento","tag-concurso","tag-cortos","tag-escribir","tag-haria","tag-participacion-ciudadana","tag-relatos"],"_links":{"self":[{"href":"https:\/\/www.ayuntamientodeharia.com\/haria\/wp-json\/wp\/v2\/posts\/20495","targetHints":{"allow":["GET"]}}],"collection":[{"href":"https:\/\/www.ayuntamientodeharia.com\/haria\/wp-json\/wp\/v2\/posts"}],"about":[{"href":"https:\/\/www.ayuntamientodeharia.com\/haria\/wp-json\/wp\/v2\/types\/post"}],"author":[{"embeddable":true,"href":"https:\/\/www.ayuntamientodeharia.com\/haria\/wp-json\/wp\/v2\/users\/13"}],"replies":[{"embeddable":true,"href":"https:\/\/www.ayuntamientodeharia.com\/haria\/wp-json\/wp\/v2\/comments?post=20495"}],"version-history":[{"count":1,"href":"https:\/\/www.ayuntamientodeharia.com\/haria\/wp-json\/wp\/v2\/posts\/20495\/revisions"}],"predecessor-version":[{"id":20498,"href":"https:\/\/www.ayuntamientodeharia.com\/haria\/wp-json\/wp\/v2\/posts\/20495\/revisions\/20498"}],"wp:featuredmedia":[{"embeddable":true,"href":"https:\/\/www.ayuntamientodeharia.com\/haria\/wp-json\/wp\/v2\/media\/20497"}],"wp:attachment":[{"href":"https:\/\/www.ayuntamientodeharia.com\/haria\/wp-json\/wp\/v2\/media?parent=20495"}],"wp:term":[{"taxonomy":"category","embeddable":true,"href":"https:\/\/www.ayuntamientodeharia.com\/haria\/wp-json\/wp\/v2\/categories?post=20495"},{"taxonomy":"post_tag","embeddable":true,"href":"https:\/\/www.ayuntamientodeharia.com\/haria\/wp-json\/wp\/v2\/tags?post=20495"}],"curies":[{"name":"wp","href":"https:\/\/api.w.org\/{rel}","templated":true}]}}