{"id":20492,"date":"2021-04-09T13:36:49","date_gmt":"2021-04-09T13:36:49","guid":{"rendered":"https:\/\/www.ayuntamientodeharia.com\/haria\/?p=20492"},"modified":"2021-04-09T13:36:49","modified_gmt":"2021-04-09T13:36:49","slug":"el-ayuntamiento-reforma-la-cancha-de-futbol-de-orzola","status":"publish","type":"post","link":"https:\/\/www.ayuntamientodeharia.com\/haria\/el-ayuntamiento-reforma-la-cancha-de-futbol-de-orzola\/","title":{"rendered":"El Ayuntamiento reforma la cancha de f\u00fatbol de \u00d3rzola"},"content":{"rendered":"<p class=\"p1\"><span class=\"s1\">El Ayuntamiento de Har\u00eda ha recepcionado durante la pasada semana la obra que permitir\u00e1 la apertura de la cancha de f\u00fatbol de \u00d3rzola. <\/span><\/p>\n<p class=\"p1\"><span class=\"s1\">Desde las \u00e1reas de Deportes y Obras P\u00fablicas, destacan la importancia de contar con un espacio de este tipo en el pueblo, que cuenta con nuevo c\u00e9sped y porter\u00edas, y que permitir\u00e1 a los vecinos y vecinas disfrutar de las mejores instalaciones.<\/span><\/p>\n<p class=\"p1\"><span class=\"s1\">La cancha permanecer\u00e1 abierta para el p\u00fablico a partir del pr\u00f3ximo lunes, 12 de abril.<\/span><\/p>\n","protected":false},"excerpt":{"rendered":"<p>El Ayuntamiento de Har\u00eda ha recepcionado durante la pasada semana la obra que permitir\u00e1 la apertura de la cancha de f\u00fatbol de \u00d3rzola. Desde las \u00e1reas de Deportes y Obras P\u00fablicas, destacan la importancia de contar con un espacio de este tipo en el pueblo, que cuenta con nuevo c\u00e9sped y porter\u00edas, y que permitir\u00e1 [&hellip;]<\/p>\n","protected":false},"author":13,"featured_media":20493,"comment_status":"closed","ping_status":"closed","sticky":false,"template":"","format":"standard","meta":{"footnotes":""},"categories":[17,11,23],"tags":[756,696,464,467,757,571],"class_list":["post-20492","post","type-post","status-publish","format-standard","has-post-thumbnail","hentry","category-deportes","category-hoja-de-haria","category-obras-y-servicios","tag-cancha","tag-futbol","tag-haria","tag-obras","tag-orzola","tag-reforma"],"_links":{"self":[{"href":"https:\/\/www.ayuntamientodeharia.com\/haria\/wp-json\/wp\/v2\/posts\/20492","targetHints":{"allow":["GET"]}}],"collection":[{"href":"https:\/\/www.ayuntamientodeharia.com\/haria\/wp-json\/wp\/v2\/posts"}],"about":[{"href":"https:\/\/www.ayuntamientodeharia.com\/haria\/wp-json\/wp\/v2\/types\/post"}],"author":[{"embeddable":true,"href":"https:\/\/www.ayuntamientodeharia.com\/haria\/wp-json\/wp\/v2\/users\/13"}],"replies":[{"embeddable":true,"href":"https:\/\/www.ayuntamientodeharia.com\/haria\/wp-json\/wp\/v2\/comments?post=20492"}],"version-history":[{"count":1,"href":"https:\/\/www.ayuntamientodeharia.com\/haria\/wp-json\/wp\/v2\/posts\/20492\/revisions"}],"predecessor-version":[{"id":20494,"href":"https:\/\/www.ayuntamientodeharia.com\/haria\/wp-json\/wp\/v2\/posts\/20492\/revisions\/20494"}],"wp:featuredmedia":[{"embeddable":true,"href":"https:\/\/www.ayuntamientodeharia.com\/haria\/wp-json\/wp\/v2\/media\/20493"}],"wp:attachment":[{"href":"https:\/\/www.ayuntamientodeharia.com\/haria\/wp-json\/wp\/v2\/media?parent=20492"}],"wp:term":[{"taxonomy":"category","embeddable":true,"href":"https:\/\/www.ayuntamientodeharia.com\/haria\/wp-json\/wp\/v2\/categories?post=20492"},{"taxonomy":"post_tag","embeddable":true,"href":"https:\/\/www.ayuntamientodeharia.com\/haria\/wp-json\/wp\/v2\/tags?post=20492"}],"curies":[{"name":"wp","href":"https:\/\/api.w.org\/{rel}","templated":true}]}}