{"id":20489,"date":"2021-04-09T13:19:34","date_gmt":"2021-04-09T13:19:34","guid":{"rendered":"https:\/\/www.ayuntamientodeharia.com\/haria\/?p=20489"},"modified":"2021-04-09T13:19:34","modified_gmt":"2021-04-09T13:19:34","slug":"la-escuela-municipal-de-circo-de-haria-retoma-las-clases","status":"publish","type":"post","link":"https:\/\/www.ayuntamientodeharia.com\/haria\/la-escuela-municipal-de-circo-de-haria-retoma-las-clases\/","title":{"rendered":"La Escuela Municipal de Circo de Har\u00eda retoma las clases"},"content":{"rendered":"<p class=\"p1\">La Escuela Municipal de Circo, dependiente de la concejal\u00eda de Juventud, que coordina por Evelia Garc\u00eda, retoma las clases tras la bajada del nivel de alerta sanitaria establecido a consecuencia de la pandemia de la COVID-19.<\/p>\n<p class=\"p1\">Las clases, que comenzar\u00e1n a impartirse a partir del pr\u00f3ximo s\u00e1bado, 17 de abril, de 11.00 a 13.00 horas en el Centro Sociocultural La Garita, est\u00e1n dirigidas a toda la poblaci\u00f3n mayor de 6 a\u00f1os.<\/p>\n<p class=\"p1\">Durante cada sesi\u00f3n los alumnos y alumnas realizar\u00e1n un calentamiento inicial, para pasar luego al trabajo espec\u00edfico del d\u00eda consistente en malabares, aro, trapecio, a\u00e9reo, telas, etc, y finalizar con ejercicios de estiramientos y relajaci\u00f3n.<\/p>\n<p class=\"p1\">Para poder llevar a cabo la actividad con seguridad los participantes deber\u00e1n hacer\u00a0uso de la mascarilla en todo momento y hacer caso a la sindicaciones de los monitores.<\/p>\n<p class=\"p1\">Las plazas son limitadas y se ir\u00e1n cubriendo por orden de inscripci\u00f3n.\u00a0Las personas interesadas en recibir clases deber\u00e1n inscribirse en la web www.juventudharia.es, hablando directamente con los monitores en el lugar de impartici\u00f3n de las clases o\u00a0 poni\u00e9ndose en contacto con el Departamento de Juventud llamando al 637 89 35 35.<\/p>\n<p class=\"p1\">M\u00e1s informaci\u00f3n llamando al tel\u00e9fono 637893535\u00a0 o enviando un correo a juventud@ayuntamientodeharia.com.<\/p>\n","protected":false},"excerpt":{"rendered":"<p>La Escuela Municipal de Circo, dependiente de la concejal\u00eda de Juventud, que coordina por Evelia Garc\u00eda, retoma las clases tras la bajada del nivel de alerta sanitaria establecido a consecuencia de la pandemia de la COVID-19. Las clases, que comenzar\u00e1n a impartirse a partir del pr\u00f3ximo s\u00e1bado, 17 de abril, de 11.00 a 13.00 horas [&hellip;]<\/p>\n","protected":false},"author":13,"featured_media":20490,"comment_status":"closed","ping_status":"closed","sticky":false,"template":"","format":"standard","meta":{"footnotes":""},"categories":[32,425,11,25],"tags":[466,755,724,506,464,535],"class_list":["post-20489","post","type-post","status-publish","format-standard","has-post-thumbnail","hentry","category-anuncios","category-destacado","category-hoja-de-haria","category-juventud","tag-ayuntamiento","tag-circo","tag-clases","tag-escuela","tag-haria","tag-juventud"],"_links":{"self":[{"href":"https:\/\/www.ayuntamientodeharia.com\/haria\/wp-json\/wp\/v2\/posts\/20489","targetHints":{"allow":["GET"]}}],"collection":[{"href":"https:\/\/www.ayuntamientodeharia.com\/haria\/wp-json\/wp\/v2\/posts"}],"about":[{"href":"https:\/\/www.ayuntamientodeharia.com\/haria\/wp-json\/wp\/v2\/types\/post"}],"author":[{"embeddable":true,"href":"https:\/\/www.ayuntamientodeharia.com\/haria\/wp-json\/wp\/v2\/users\/13"}],"replies":[{"embeddable":true,"href":"https:\/\/www.ayuntamientodeharia.com\/haria\/wp-json\/wp\/v2\/comments?post=20489"}],"version-history":[{"count":1,"href":"https:\/\/www.ayuntamientodeharia.com\/haria\/wp-json\/wp\/v2\/posts\/20489\/revisions"}],"predecessor-version":[{"id":20491,"href":"https:\/\/www.ayuntamientodeharia.com\/haria\/wp-json\/wp\/v2\/posts\/20489\/revisions\/20491"}],"wp:featuredmedia":[{"embeddable":true,"href":"https:\/\/www.ayuntamientodeharia.com\/haria\/wp-json\/wp\/v2\/media\/20490"}],"wp:attachment":[{"href":"https:\/\/www.ayuntamientodeharia.com\/haria\/wp-json\/wp\/v2\/media?parent=20489"}],"wp:term":[{"taxonomy":"category","embeddable":true,"href":"https:\/\/www.ayuntamientodeharia.com\/haria\/wp-json\/wp\/v2\/categories?post=20489"},{"taxonomy":"post_tag","embeddable":true,"href":"https:\/\/www.ayuntamientodeharia.com\/haria\/wp-json\/wp\/v2\/tags?post=20489"}],"curies":[{"name":"wp","href":"https:\/\/api.w.org\/{rel}","templated":true}]}}