{"id":20485,"date":"2021-04-09T13:15:24","date_gmt":"2021-04-09T13:15:24","guid":{"rendered":"https:\/\/www.ayuntamientodeharia.com\/haria\/?p=20485"},"modified":"2021-04-09T13:15:24","modified_gmt":"2021-04-09T13:15:24","slug":"comienzan-las-jornadas-de-teatro-y-danza-escenica","status":"publish","type":"post","link":"https:\/\/www.ayuntamientodeharia.com\/haria\/comienzan-las-jornadas-de-teatro-y-danza-escenica\/","title":{"rendered":"Comienzan las jornadas de teatro y danza \u2018Esc\u00e9nica\u2019"},"content":{"rendered":"<p class=\"p1\">Este jueves arrancaron las XXVII Jornadas de Teatro y Danza Encarnaci\u00f3n Rodr\u00edguez Lasso, \u2018Esc\u00e9nica\u2019. Estas se inauguraron con la obra de teatro \u2018Carta a pap\u00e1\u2019, de la compa\u00f1\u00eda Somos Teatro, que tuvo lugar en la sala teatro de La Tegala.<\/p>\n<p class=\"p1\">La concejala de Cultura de Ayuntamiento de Har\u00eda, Evelia Garc\u00eda, se congratula de la gran acogida que tuvo el evento, cuyo aforo se complet\u00f3 y cuyas entradas se agotaron al poco tiempo de estar disponibles. \u201cTuvimos la posibilidad de ampliar el aforo y sacar nuevas entradas, por lo que se complet\u00f3 finalmente el aforo\u201d, explica.<\/p>\n<p class=\"p1\">\u201cAgradecemos tanto a los espectadores que acudieron y que respetaron las medidas de seguridad establecidas, como a los artistas y a todo el personal que hizo posible que el espect\u00e1culo transcurriera de la mejor y m\u00e1s segura forma, y les esperamos en las pr\u00f3ximas actuaciones\u201d, concluye la concejala.<\/p>\n<p class=\"p1\">Esta noche, a las 20.00 horas, siguen las jornadas con la obra de teatro El Cr\u00e9dito, de Comi-K Teatro.<\/p>\n","protected":false},"excerpt":{"rendered":"<p>Este jueves arrancaron las XXVII Jornadas de Teatro y Danza Encarnaci\u00f3n Rodr\u00edguez Lasso, \u2018Esc\u00e9nica\u2019. Estas se inauguraron con la obra de teatro \u2018Carta a pap\u00e1\u2019, de la compa\u00f1\u00eda Somos Teatro, que tuvo lugar en la sala teatro de La Tegala. La concejala de Cultura de Ayuntamiento de Har\u00eda, Evelia Garc\u00eda, se congratula de la gran [&hellip;]<\/p>\n","protected":false},"author":13,"featured_media":20486,"comment_status":"closed","ping_status":"closed","sticky":false,"template":"","format":"standard","meta":{"footnotes":""},"categories":[16,425,11],"tags":[466,730,723,754,464,731,732],"class_list":["post-20485","post","type-post","status-publish","format-standard","has-post-thumbnail","hentry","category-cultura","category-destacado","category-hoja-de-haria","tag-ayuntamiento","tag-cultura","tag-danza","tag-escenica","tag-haria","tag-jornadas","tag-teatro"],"_links":{"self":[{"href":"https:\/\/www.ayuntamientodeharia.com\/haria\/wp-json\/wp\/v2\/posts\/20485","targetHints":{"allow":["GET"]}}],"collection":[{"href":"https:\/\/www.ayuntamientodeharia.com\/haria\/wp-json\/wp\/v2\/posts"}],"about":[{"href":"https:\/\/www.ayuntamientodeharia.com\/haria\/wp-json\/wp\/v2\/types\/post"}],"author":[{"embeddable":true,"href":"https:\/\/www.ayuntamientodeharia.com\/haria\/wp-json\/wp\/v2\/users\/13"}],"replies":[{"embeddable":true,"href":"https:\/\/www.ayuntamientodeharia.com\/haria\/wp-json\/wp\/v2\/comments?post=20485"}],"version-history":[{"count":2,"href":"https:\/\/www.ayuntamientodeharia.com\/haria\/wp-json\/wp\/v2\/posts\/20485\/revisions"}],"predecessor-version":[{"id":20488,"href":"https:\/\/www.ayuntamientodeharia.com\/haria\/wp-json\/wp\/v2\/posts\/20485\/revisions\/20488"}],"wp:featuredmedia":[{"embeddable":true,"href":"https:\/\/www.ayuntamientodeharia.com\/haria\/wp-json\/wp\/v2\/media\/20486"}],"wp:attachment":[{"href":"https:\/\/www.ayuntamientodeharia.com\/haria\/wp-json\/wp\/v2\/media?parent=20485"}],"wp:term":[{"taxonomy":"category","embeddable":true,"href":"https:\/\/www.ayuntamientodeharia.com\/haria\/wp-json\/wp\/v2\/categories?post=20485"},{"taxonomy":"post_tag","embeddable":true,"href":"https:\/\/www.ayuntamientodeharia.com\/haria\/wp-json\/wp\/v2\/tags?post=20485"}],"curies":[{"name":"wp","href":"https:\/\/api.w.org\/{rel}","templated":true}]}}