{"id":20482,"date":"2021-04-09T13:12:47","date_gmt":"2021-04-09T13:12:47","guid":{"rendered":"https:\/\/www.ayuntamientodeharia.com\/haria\/?p=20482"},"modified":"2021-04-09T13:12:47","modified_gmt":"2021-04-09T13:12:47","slug":"el-area-de-agricultura-invita-a-la-poblacion-de-haria-a-participar-en-talleres-para-impulsar-el-empleo-en-el-medio-rural","status":"publish","type":"post","link":"https:\/\/www.ayuntamientodeharia.com\/haria\/el-area-de-agricultura-invita-a-la-poblacion-de-haria-a-participar-en-talleres-para-impulsar-el-empleo-en-el-medio-rural\/","title":{"rendered":"El \u00e1rea de Agricultura invita a la poblaci\u00f3n de Har\u00eda a participar en talleres para impulsar el empleo en el medio rural"},"content":{"rendered":"<p class=\"p1\">El Ayuntamiento de Har\u00eda, a trav\u00e9s del \u00e1rea de Agricultura, que coordina Fernando Fontes, anima a la ciudadan\u00eda del municipio a participar en los cursos y talleres del proyecto Emprendimiento en Verde, puesta en marcha por ADERLAN y por el Programa de las Naciones Unidas para el Medio Ambiente (PNUMA).<\/p>\n<p class=\"p1\">El concejal de Agricultura, Fernando Fontes, explica que este proyecto busca impulsar las actividades verdes, es decir, aquellas que contribuyen a preservar o restablecer la calidad ambiental, as\u00ed como las nuevas oportunidades de empleo en el medio rural.<\/p>\n<p class=\"p1\">El proyecta contempla la realizaci\u00f3n de un itinerario de m\u00e1s de 240 horas de acciones, divididas en seis:<\/p>\n<p class=\"p1\">Acci\u00f3n 1: Selecci\u00f3n de los participantes.<\/p>\n<p class=\"p1\">Acci\u00f3n 2: Taller sobre creatividad y generaci\u00f3n de ideas.<\/p>\n<p class=\"p1\">Acci\u00f3n 3: Formaci\u00f3n te\u00f3rica\/practica sobre emprendimiento verde<\/p>\n<p class=\"p1\">Acci\u00f3n 4: Aprendiendo de otros emprendedores<\/p>\n<p class=\"p1\">Acci\u00f3n 5: Asesoramiento y apoyo t\u00e9cnico<\/p>\n<p class=\"p1\">Acci\u00f3n 6: Formaci\u00f3n para la consolidaci\u00f3n<\/p>\n<p class=\"p1\">Las acciones que se contemplan son de car\u00e1cter gratuito, pero las plazas son limitadas. Para participar se ha de rellenar un formulario de preinscripci\u00f3n disponible en la p\u00e1gina web de Aderlan, www.aderlan.org.<\/p>\n","protected":false},"excerpt":{"rendered":"<p>El Ayuntamiento de Har\u00eda, a trav\u00e9s del \u00e1rea de Agricultura, que coordina Fernando Fontes, anima a la ciudadan\u00eda del municipio a participar en los cursos y talleres del proyecto Emprendimiento en Verde, puesta en marcha por ADERLAN y por el Programa de las Naciones Unidas para el Medio Ambiente (PNUMA). El concejal de Agricultura, Fernando [&hellip;]<\/p>\n","protected":false},"author":13,"featured_media":20483,"comment_status":"closed","ping_status":"closed","sticky":false,"template":"","format":"standard","meta":{"footnotes":""},"categories":[20,11],"tags":[753,469,705,518,521,464,752],"class_list":["post-20482","post","type-post","status-publish","format-standard","has-post-thumbnail","hentry","category-agricultura","category-hoja-de-haria","tag-aderlan","tag-agricultura","tag-cursos","tag-empleo","tag-formacion","tag-haria","tag-talleres"],"_links":{"self":[{"href":"https:\/\/www.ayuntamientodeharia.com\/haria\/wp-json\/wp\/v2\/posts\/20482","targetHints":{"allow":["GET"]}}],"collection":[{"href":"https:\/\/www.ayuntamientodeharia.com\/haria\/wp-json\/wp\/v2\/posts"}],"about":[{"href":"https:\/\/www.ayuntamientodeharia.com\/haria\/wp-json\/wp\/v2\/types\/post"}],"author":[{"embeddable":true,"href":"https:\/\/www.ayuntamientodeharia.com\/haria\/wp-json\/wp\/v2\/users\/13"}],"replies":[{"embeddable":true,"href":"https:\/\/www.ayuntamientodeharia.com\/haria\/wp-json\/wp\/v2\/comments?post=20482"}],"version-history":[{"count":1,"href":"https:\/\/www.ayuntamientodeharia.com\/haria\/wp-json\/wp\/v2\/posts\/20482\/revisions"}],"predecessor-version":[{"id":20484,"href":"https:\/\/www.ayuntamientodeharia.com\/haria\/wp-json\/wp\/v2\/posts\/20482\/revisions\/20484"}],"wp:featuredmedia":[{"embeddable":true,"href":"https:\/\/www.ayuntamientodeharia.com\/haria\/wp-json\/wp\/v2\/media\/20483"}],"wp:attachment":[{"href":"https:\/\/www.ayuntamientodeharia.com\/haria\/wp-json\/wp\/v2\/media?parent=20482"}],"wp:term":[{"taxonomy":"category","embeddable":true,"href":"https:\/\/www.ayuntamientodeharia.com\/haria\/wp-json\/wp\/v2\/categories?post=20482"},{"taxonomy":"post_tag","embeddable":true,"href":"https:\/\/www.ayuntamientodeharia.com\/haria\/wp-json\/wp\/v2\/tags?post=20482"}],"curies":[{"name":"wp","href":"https:\/\/api.w.org\/{rel}","templated":true}]}}