{"id":20406,"date":"2021-03-31T12:46:22","date_gmt":"2021-03-31T12:46:22","guid":{"rendered":"https:\/\/www.ayuntamientodeharia.com\/haria\/?p=20406"},"modified":"2021-03-31T12:47:52","modified_gmt":"2021-03-31T12:47:52","slug":"haria-organiza-unas-jornadas-de-teatro-y-danza-para-el-mes-de-abril-en-la-tegala","status":"publish","type":"post","link":"https:\/\/www.ayuntamientodeharia.com\/haria\/haria-organiza-unas-jornadas-de-teatro-y-danza-para-el-mes-de-abril-en-la-tegala\/","title":{"rendered":"Har\u00eda organiza unas jornadas de teatro y danza para el mes de abril en La Tegala"},"content":{"rendered":"<h4><strong>El Ayuntamiento presenta el programa de \u2018Esc\u00e9nica\u2019, un evento en el marco de las XXVII Jornadas Encarnaci\u00f3n Rodr\u00edguez Lasso, que incluyen por primera vez la disciplina art\u00edstica de la danza<\/strong><\/h4>\n<p>El Ayuntamiento de Har\u00eda, a trav\u00e9s del \u00e1rea de Cultura, que coordina Evelia Garc\u00eda, present\u00f3 esta ma\u00f1ana el ciclo de teatro y danza \u2018Esc\u00e9nica\u2019, en el marco de la XXVII edici\u00f3n de las Jornadas de Teatro y Danza Encarnaci\u00f3n Rodr\u00edguez Lasso, en las que, por primera vez se incorpora la disciplina art\u00edstica de la danza.<\/p>\n<p>La concejala de Cultura, Evelia Garc\u00eda, explic\u00f3 que, del 8 al 11 de abril, la sala teatro La Tegala acoger\u00e1 un total de seis representaciones de artes esc\u00e9nicas, a trav\u00e9s de las cuales \u201cqueremos darle visibilidad y otorgar a la cultura el lugar destacado que se merece, demostrando nuestro apoyo incondicional al sector y garantizando la seguridad sanitaria de la cultura y de estos eventos\u201d.<\/p>\n<p>\u201cEn esta \u00e9poca que estamos viviendo, debemos hacer un esfuerzo para que las compa\u00f1\u00edas de teatro y el colectivo art\u00edstico subsista y superen las consecuencias de esta crisis, a pesar del gran riesgo y trabajo administrativo necesario para poder programar y realizar un evento\u201d, asegur\u00f3 la concejala.<\/p>\n<p>Las entradas para asistir a estas jornadas ser\u00e1n gratuitas y estar\u00e1n disponibles en la p\u00e1gina web del \u00e1rea de Cultura del Consistorio norte\u00f1o, <a href=\"https:\/\/culturedharia.com\/\">https:\/\/culturedharia.com\/<\/a>, a\u00a0 partir del pr\u00f3ximo 1 de abril, a las 15:00 horas.<\/p>\n<p>El 10% del aforo de cada uno de los actos de Esc\u00e9nica estar\u00e1 reservado para mayores de 65 a\u00f1os que prefieran adquirir su entrada de forma presencial en la oficina de cultura del Ayuntamiento de Har\u00eda.<\/p>\n<p><img fetchpriority=\"high\" decoding=\"async\" class=\"alignnone size-medium wp-image-20409\" src=\"https:\/\/www.ayuntamientodeharia.com\/haria\/wp-content\/uploads\/2021\/03\/ER-Retrato-360x450.jpeg\" alt=\"\" width=\"360\" height=\"450\" srcset=\"https:\/\/www.ayuntamientodeharia.com\/haria\/wp-content\/uploads\/2021\/03\/ER-Retrato-360x450.jpeg 360w, https:\/\/www.ayuntamientodeharia.com\/haria\/wp-content\/uploads\/2021\/03\/ER-Retrato-830x1038.jpeg 830w, https:\/\/www.ayuntamientodeharia.com\/haria\/wp-content\/uploads\/2021\/03\/ER-Retrato-768x960.jpeg 768w, https:\/\/www.ayuntamientodeharia.com\/haria\/wp-content\/uploads\/2021\/03\/ER-Retrato-90x112.jpeg 90w, https:\/\/www.ayuntamientodeharia.com\/haria\/wp-content\/uploads\/2021\/03\/ER-Retrato-1229x1536.jpeg 1229w, https:\/\/www.ayuntamientodeharia.com\/haria\/wp-content\/uploads\/2021\/03\/ER-Retrato.jpeg 1440w\" sizes=\"(max-width: 360px) 100vw, 360px\" \/><\/p>\n<p><span style=\"font-size: 10pt;\">Retrato de Encarnaci\u00f3n Rodr\u00edguez Lasso<\/span><\/p>\n<p><strong>Programa<\/strong><\/p>\n<p><strong>Jueves, 8 de abril. 20:00 horas.<\/strong><\/p>\n<p>Obra de teatro Carta a pap\u00e1, de Somos teatro.<\/p>\n<p>Duraci\u00f3n: 60 minutos. P\u00fablico: Adulto<\/p>\n<p>Sinopsis: In\u00e9s ha creado un mundo paralelo para sobrevivir a una vida angustiosa, para evitar a sus fantasmas, a los fracasos, a los miedos. En la figura de su madre descarga todas las frustraciones. Pilar, su asistenta, intenta que salga del laberinto donde est\u00e1 sumergida. Pero para In\u00e9s ya no existe m\u00e1s salida que llegar al final\u2026 La obra \u2018Carta a Pap\u00e1\u2019 es una idea basada en \u2018Hermanas\u2019, de Fer Montoya.<\/p>\n<p><strong>Viernes, 9 de abril. 20:00 horas.<\/strong><\/p>\n<p>Obra de teatro El Cr\u00e9dito, de Comi-K Teatro.<\/p>\n<p>Duraci\u00f3n: 80 minutos. P\u00fablico: Adulto<\/p>\n<p>Sinopsis: Si nos dedicamos a lubricar engranajes o a traducir manuales de instrucciones quiz\u00e1s no nos crucemos nunca con las personas a las que nuestro trabajo afecta \u00edntimamente. Ahora bien, si nos relacionamos directamente con individuos de carne y hueso hay trances dif\u00edciles de evitar. Para los m\u00e9dicos, los tenderos, los polic\u00edas municipales o cualquier otra profesi\u00f3n en la que el contacto es inevitable, los problemas pueden aparecer en cualquier momento. Y si eres director de una sucursal bancaria, todav\u00eda peor. Si eres director de una sucursal, hoy en d\u00eda, las cosas pueden llegar a complicarse de manera alarmante. Y es que hasta ahora, en nuestro civilizado mundo, cuando alguien necesitaba dinero iba al banco y ped\u00eda un cr\u00e9dito. La mayor parte de las veces t\u00fa se lo conced\u00edas, pero si no era as\u00ed, callaban y volv\u00edan para su casa, cabizbajos, conformados, pensando que las cosas iban muy mal, que el cr\u00e9dito no flu\u00eda y te dejaban en paz. Hoy ya no puedes confiarte. Hoy, quiz\u00e1s, cuando les niegues el cr\u00e9dito ya no se ir\u00e1n para casa con el rabo entre las piernas. Hoy quiz\u00e1s se plantar\u00e1n delante de ti y mir\u00e1ndote a los ojos, pondr\u00e1n las cartas sobre la mesa y te dir\u00e1n que son ellos los que tienen la sart\u00e9n por el mango, que si no les das el dinero tomar\u00e1n medidas, medidas de gran potencia. Nada violento, no, hasta ah\u00ed podr\u00edamos llegar, pero hoy, si no les sueltas la pasta, quien sabe si la amenaza ser\u00e1 cierta y llevar\u00e1n a cabo esa acci\u00f3n que puede convertir tu vida en una aut\u00e9ntica cat\u00e1strofe.<\/p>\n<p><strong>S\u00e1bado, 10 de abril. 12:00 horas.<\/strong><\/p>\n<p>Concierto did\u00e1ctico de danza L\u00e1mpara m\u00e1gica, de la compa\u00f1\u00eda HASS.<\/p>\n<p>Duraci\u00f3n: 60 minutos. P\u00fablico: Familiar\u00a0 (a partir de 6 a\u00f1os)<\/p>\n<p>Sinopsis: Concierto did\u00e1ctico que pretende mostrar la capacidad de la expresi\u00f3n corporal y de la m\u00fasica como lenguajes autosuficientes para transmitir todo tipo de emociones y sensaciones, as\u00ed como imitar a la naturaleza dando a conocer las danzas de otras culturas y presentando los instrumentos usados en esas danzas.<\/p>\n<p><strong>S\u00e1bado, 10 de abril. 20:00 horas.<\/strong><\/p>\n<p>Espect\u00e1culo de danza Cambuy\u00f3n Quartet<\/p>\n<p>Duraci\u00f3n: 60 minutos P\u00fablico: Todos los p\u00fablicos<\/p>\n<p>Sinopsis: \u2018Cambuy\u00f3n\u2019 es un espect\u00e1culo de danzas percusivas y urbanas donde se sigue el recorrido cultural de los ritmos, sus encuentros, fusiones y mestizajes. Los personajes viajan en un barco a trav\u00e9s del tiempo y el espacio intercambiando conocimientos, experiencias y sobre todo ritmo, mucho ritmo. Bailarines de claqu\u00e9, hip-hop y percusi\u00f3n corporal, cantantes y m\u00fasicos nos llevan de la mano en este recorrido actual por la reciente historia del ritmo occidental.<\/p>\n<p>Cambuy\u00f3n Quartet cuenta con un percusionista, un cantante y dos bailarines donde tendr\u00e1n cabida, adem\u00e1s de los n\u00fameros e int\u00e9rpretes ya aclamados en muchos centros importantes de la danza mundial, nuevas propuestas que vayan surgiendo de nuestro proceso creativo y las nuevas incorporaciones al elenco. Una forma de mantener m\u00e1s vivo el viaje de Cambuy\u00f3n y compartirlo al momento con nuestros espectadores.<\/p>\n<p><strong>Domingo, 11 de abril. 12:00 horas.<\/strong><\/p>\n<p>Obra de teatro La ramita de hierbabuena, de la Asociaci\u00f3n Cultural Bambalinas.<\/p>\n<p>Duraci\u00f3n: 60 minutos. P\u00fablico: P\u00fablico familar (recomendado a partir de 5 a\u00f1os)<\/p>\n<p>Sinopsis: Nunca se podr\u00eda imaginar Asterio, las peripecias que tiene que pasar para conseguir la ramita de hierbabuena que su madre necesita para hacer un guiso. Deber\u00e1 resolver enigmas, superar pruebas, andar por caminos y lugares desconocidos Personajes con muy mala sombra no se lo pondr\u00e1n f\u00e1cil, otros no le dejar\u00e1n seguir y los que le quieren ayudar no podr\u00e1n hacerlo, pues&#8230;&#8221;Nadie debe ayudarle, nadie puede ayudarle, nadie le ayudar\u00e1&#8221;, pero&#8230; en el camino de regreso a casa hallar\u00e1 la soluci\u00f3n Pese a las continuas jugarretas que le gastan los acontecimientos, \u00e9stas se convierten en sorprendentes aventuras: unas divertidas, otras amargas&#8230;todas erigidas en obst\u00e1culos para su regreso. Aventura f\u00edsica y mental que se funde en la aventura \u00fanica de su vida. Y siempre con la ayuda (decisiva) de su compa\u00f1era de andanzas, su amiga Galatea.<\/p>\n<p><strong>Domingo, 11 de abril. 20:00 horas.<\/strong><\/p>\n<p>Obra de teatro El mentiroso, de MDM Producciones.<\/p>\n<p>Duraci\u00f3n: 80 minutos. P\u00fablico: Adulto<\/p>\n<p>Sinopsis: Lelio, un veneciano que ha pasado a\u00f1os fuera de casa, regresa a Venecia junto a su criado Arlecchino. All\u00ed cortejar\u00e1 a Rosalba, la hija de Lindora, y Arlecchino a su criada Dorina, sin decirles la verdad sobre quienes realmente son. Mientras tanto, Florencio ama en silencio a Rosalba. Esto le permite a Lelio inventar historias fabulosas y convencer a Rosalba de que desea casarse con ella. Las mentiras los llevan a problemas cada vez m\u00e1s profundos con las j\u00f3venes y su propia madre, la se\u00f1ora Zulmira.<\/p>\n<p>Para conocer m\u00e1s informaci\u00f3n acerca de las representaciones, consulte la p\u00e1gina web de cultura del Ayuntamiento de Har\u00eda, <a href=\"https:\/\/culturedharia.com\/escenica\/\">https:\/\/culturedharia.com\/escenica\/<\/a>.<\/p>\n","protected":false},"excerpt":{"rendered":"<p>El Ayuntamiento presenta el programa de \u2018Esc\u00e9nica\u2019, un evento en el marco de las XXVII Jornadas Encarnaci\u00f3n Rodr\u00edguez Lasso, que incluyen por primera vez la disciplina art\u00edstica de la danza El Ayuntamiento de Har\u00eda, a trav\u00e9s del \u00e1rea de Cultura, que coordina Evelia Garc\u00eda, present\u00f3 esta ma\u00f1ana el ciclo de teatro y danza \u2018Esc\u00e9nica\u2019, en [&hellip;]<\/p>\n","protected":false},"author":13,"featured_media":20407,"comment_status":"closed","ping_status":"closed","sticky":false,"template":"","format":"standard","meta":{"footnotes":""},"categories":[16,425,11],"tags":[734,466,730,723,733,464,731,735,732],"class_list":["post-20406","post","type-post","status-publish","format-standard","has-post-thumbnail","hentry","category-cultura","category-destacado","category-hoja-de-haria","tag-27-edicion","tag-ayuntamiento","tag-cultura","tag-danza","tag-encarnacion-rodriguez-lasso","tag-haria","tag-jornadas","tag-la-tegala","tag-teatro"],"_links":{"self":[{"href":"https:\/\/www.ayuntamientodeharia.com\/haria\/wp-json\/wp\/v2\/posts\/20406","targetHints":{"allow":["GET"]}}],"collection":[{"href":"https:\/\/www.ayuntamientodeharia.com\/haria\/wp-json\/wp\/v2\/posts"}],"about":[{"href":"https:\/\/www.ayuntamientodeharia.com\/haria\/wp-json\/wp\/v2\/types\/post"}],"author":[{"embeddable":true,"href":"https:\/\/www.ayuntamientodeharia.com\/haria\/wp-json\/wp\/v2\/users\/13"}],"replies":[{"embeddable":true,"href":"https:\/\/www.ayuntamientodeharia.com\/haria\/wp-json\/wp\/v2\/comments?post=20406"}],"version-history":[{"count":3,"href":"https:\/\/www.ayuntamientodeharia.com\/haria\/wp-json\/wp\/v2\/posts\/20406\/revisions"}],"predecessor-version":[{"id":20411,"href":"https:\/\/www.ayuntamientodeharia.com\/haria\/wp-json\/wp\/v2\/posts\/20406\/revisions\/20411"}],"wp:featuredmedia":[{"embeddable":true,"href":"https:\/\/www.ayuntamientodeharia.com\/haria\/wp-json\/wp\/v2\/media\/20407"}],"wp:attachment":[{"href":"https:\/\/www.ayuntamientodeharia.com\/haria\/wp-json\/wp\/v2\/media?parent=20406"}],"wp:term":[{"taxonomy":"category","embeddable":true,"href":"https:\/\/www.ayuntamientodeharia.com\/haria\/wp-json\/wp\/v2\/categories?post=20406"},{"taxonomy":"post_tag","embeddable":true,"href":"https:\/\/www.ayuntamientodeharia.com\/haria\/wp-json\/wp\/v2\/tags?post=20406"}],"curies":[{"name":"wp","href":"https:\/\/api.w.org\/{rel}","templated":true}]}}