{"id":20399,"date":"2021-03-31T12:33:04","date_gmt":"2021-03-31T12:33:04","guid":{"rendered":"https:\/\/www.ayuntamientodeharia.com\/haria\/?p=20399"},"modified":"2021-03-31T12:33:04","modified_gmt":"2021-03-31T12:33:04","slug":"el-ayuntamiento-realiza-obras-de-embellecimiento-y-mejora-de-la-seguridad-en-el-charco-del-palo","status":"publish","type":"post","link":"https:\/\/www.ayuntamientodeharia.com\/haria\/el-ayuntamiento-realiza-obras-de-embellecimiento-y-mejora-de-la-seguridad-en-el-charco-del-palo\/","title":{"rendered":"El Ayuntamiento realiza obras de embellecimiento y mejora de la seguridad en el Charco del Palo"},"content":{"rendered":"<p>El Ayuntamiento de Har\u00eda contin\u00faa con el plan de embellecimiento y acondicionamiento del municipio. En esta ocasi\u00f3n, el Consistorio ha instalado postes de madera para se\u00f1alizar el camino en la bajada a las zonas de ba\u00f1o del Charco del Palo.<\/p>\n<p>El responsable de Parque M\u00f3vil, Armando Bonilla, explica que, de esta forma, se mejora la accesibilidad y seguridad en la zona, sirviendo los nuevos postes de referencia para los ba\u00f1istas a la hora de subir o bajar a dicha zona, a la par que se mantiene el encanto paisaj\u00edstico de esta parte tan atractiva de Har\u00eda, al no interferir con esta obra en el medio ambiente.<\/p>\n<p>\u201cEn las pr\u00f3ximas semanas colocaremos la soga que culminar\u00e1 la obra. Agradecemos la gran labor del personal de Parque M\u00f3vil y estamos trabajando para llegar cuanto antes para cumplir nuestro objetivo de realizar obras de embellecimiento en todos los pueblos de Har\u00eda\u201d, se\u00f1ala el concejal.<\/p>\n","protected":false},"excerpt":{"rendered":"<p>El Ayuntamiento de Har\u00eda contin\u00faa con el plan de embellecimiento y acondicionamiento del municipio. En esta ocasi\u00f3n, el Consistorio ha instalado postes de madera para se\u00f1alizar el camino en la bajada a las zonas de ba\u00f1o del Charco del Palo. El responsable de Parque M\u00f3vil, Armando Bonilla, explica que, de esta forma, se mejora la [&hellip;]<\/p>\n","protected":false},"author":13,"featured_media":20400,"comment_status":"closed","ping_status":"closed","sticky":false,"template":"","format":"standard","meta":{"footnotes":""},"categories":[11,23],"tags":[726,466,727,576,464,467,564,725],"class_list":["post-20399","post","type-post","status-publish","format-standard","has-post-thumbnail","hentry","category-hoja-de-haria","category-obras-y-servicios","tag-acondicionamiento","tag-ayuntamiento","tag-charco-del-palo","tag-embellecimiento","tag-haria","tag-obras","tag-playa","tag-seguridad"],"_links":{"self":[{"href":"https:\/\/www.ayuntamientodeharia.com\/haria\/wp-json\/wp\/v2\/posts\/20399","targetHints":{"allow":["GET"]}}],"collection":[{"href":"https:\/\/www.ayuntamientodeharia.com\/haria\/wp-json\/wp\/v2\/posts"}],"about":[{"href":"https:\/\/www.ayuntamientodeharia.com\/haria\/wp-json\/wp\/v2\/types\/post"}],"author":[{"embeddable":true,"href":"https:\/\/www.ayuntamientodeharia.com\/haria\/wp-json\/wp\/v2\/users\/13"}],"replies":[{"embeddable":true,"href":"https:\/\/www.ayuntamientodeharia.com\/haria\/wp-json\/wp\/v2\/comments?post=20399"}],"version-history":[{"count":1,"href":"https:\/\/www.ayuntamientodeharia.com\/haria\/wp-json\/wp\/v2\/posts\/20399\/revisions"}],"predecessor-version":[{"id":20401,"href":"https:\/\/www.ayuntamientodeharia.com\/haria\/wp-json\/wp\/v2\/posts\/20399\/revisions\/20401"}],"wp:featuredmedia":[{"embeddable":true,"href":"https:\/\/www.ayuntamientodeharia.com\/haria\/wp-json\/wp\/v2\/media\/20400"}],"wp:attachment":[{"href":"https:\/\/www.ayuntamientodeharia.com\/haria\/wp-json\/wp\/v2\/media?parent=20399"}],"wp:term":[{"taxonomy":"category","embeddable":true,"href":"https:\/\/www.ayuntamientodeharia.com\/haria\/wp-json\/wp\/v2\/categories?post=20399"},{"taxonomy":"post_tag","embeddable":true,"href":"https:\/\/www.ayuntamientodeharia.com\/haria\/wp-json\/wp\/v2\/tags?post=20399"}],"curies":[{"name":"wp","href":"https:\/\/api.w.org\/{rel}","templated":true}]}}