{"id":20396,"date":"2021-03-31T12:29:55","date_gmt":"2021-03-31T12:29:55","guid":{"rendered":"https:\/\/www.ayuntamientodeharia.com\/haria\/?p=20396"},"modified":"2021-03-31T12:37:54","modified_gmt":"2021-03-31T12:37:54","slug":"haria-comienza-a-impartir-clases-de-biodanza","status":"publish","type":"post","link":"https:\/\/www.ayuntamientodeharia.com\/haria\/haria-comienza-a-impartir-clases-de-biodanza\/","title":{"rendered":"Har\u00eda comienza a impartir clases de Biodanza"},"content":{"rendered":"<p>El Ayuntamiento de Har\u00eda, a trav\u00e9s de la Concejal\u00eda de Deportes, que coordina Alejandro Hern\u00e1ndez, anuncia que se empezar\u00e1n a impartir clases de una nueva actividad deportiva denominada Biodanza en el municipio. Estas tendr\u00e1n lugar a partir de la pr\u00f3xima semana, los viernes de 10.00 a 12.00 horas, en el Teleclub de Arrieta.<\/p>\n<p>Las clases ser\u00e1n impartidas por el profesor titulado por la Escuela de Biodanza SRT de Zaragoza, Pedro Royo, que define esta actividad como \u201cuna herramienta de crecimiento personal que se practica semanalmente durante 2 horas y que te invita a conectar contigo mismo y con el grupo a trav\u00e9s de la m\u00fasica, la voz, el movimiento y el juego\u201d.<\/p>\n<p>\u201cLa Biodanza es un sistema extendido por todo el mundo que nos ayuda a conocer y desarrollar nuestros potenciales de una forma divertida, grupal y en conexi\u00f3n con la vida\u201d, a\u00f1ade el profesor.<\/p>\n<p>La primera de estas clases dirigidas se celebrar\u00e1 el viernes 9 de abril. Para m\u00e1s informaci\u00f3n y para reservas de plaza, contacte por WhatsApp con Pedro, al n\u00famero 644 13 62 27.<\/p>\n","protected":false},"excerpt":{"rendered":"<p>El Ayuntamiento de Har\u00eda, a trav\u00e9s de la Concejal\u00eda de Deportes, que coordina Alejandro Hern\u00e1ndez, anuncia que se empezar\u00e1n a impartir clases de una nueva actividad deportiva denominada Biodanza en el municipio. Estas tendr\u00e1n lugar a partir de la pr\u00f3xima semana, los viernes de 10.00 a 12.00 horas, en el Teleclub de Arrieta. Las clases [&hellip;]<\/p>\n","protected":false},"author":13,"featured_media":20397,"comment_status":"closed","ping_status":"closed","sticky":false,"template":"","format":"standard","meta":{"footnotes":""},"categories":[17,11],"tags":[466,722,724,723,463,464],"class_list":["post-20396","post","type-post","status-publish","format-standard","has-post-thumbnail","hentry","category-deportes","category-hoja-de-haria","tag-ayuntamiento","tag-biodanza","tag-clases","tag-danza","tag-deporte","tag-haria"],"_links":{"self":[{"href":"https:\/\/www.ayuntamientodeharia.com\/haria\/wp-json\/wp\/v2\/posts\/20396","targetHints":{"allow":["GET"]}}],"collection":[{"href":"https:\/\/www.ayuntamientodeharia.com\/haria\/wp-json\/wp\/v2\/posts"}],"about":[{"href":"https:\/\/www.ayuntamientodeharia.com\/haria\/wp-json\/wp\/v2\/types\/post"}],"author":[{"embeddable":true,"href":"https:\/\/www.ayuntamientodeharia.com\/haria\/wp-json\/wp\/v2\/users\/13"}],"replies":[{"embeddable":true,"href":"https:\/\/www.ayuntamientodeharia.com\/haria\/wp-json\/wp\/v2\/comments?post=20396"}],"version-history":[{"count":2,"href":"https:\/\/www.ayuntamientodeharia.com\/haria\/wp-json\/wp\/v2\/posts\/20396\/revisions"}],"predecessor-version":[{"id":20403,"href":"https:\/\/www.ayuntamientodeharia.com\/haria\/wp-json\/wp\/v2\/posts\/20396\/revisions\/20403"}],"wp:featuredmedia":[{"embeddable":true,"href":"https:\/\/www.ayuntamientodeharia.com\/haria\/wp-json\/wp\/v2\/media\/20397"}],"wp:attachment":[{"href":"https:\/\/www.ayuntamientodeharia.com\/haria\/wp-json\/wp\/v2\/media?parent=20396"}],"wp:term":[{"taxonomy":"category","embeddable":true,"href":"https:\/\/www.ayuntamientodeharia.com\/haria\/wp-json\/wp\/v2\/categories?post=20396"},{"taxonomy":"post_tag","embeddable":true,"href":"https:\/\/www.ayuntamientodeharia.com\/haria\/wp-json\/wp\/v2\/tags?post=20396"}],"curies":[{"name":"wp","href":"https:\/\/api.w.org\/{rel}","templated":true}]}}