{"id":20371,"date":"2021-03-26T15:27:51","date_gmt":"2021-03-26T15:27:51","guid":{"rendered":"https:\/\/www.ayuntamientodeharia.com\/haria\/?p=20371"},"modified":"2021-03-26T15:27:51","modified_gmt":"2021-03-26T15:27:51","slug":"el-ayuntamiento-revisa-todos-los-puntos-de-iluminacion-de-haria-y-sigue-avanzando-en-el-plan-de-embellecimiento-del-municipio","status":"publish","type":"post","link":"https:\/\/www.ayuntamientodeharia.com\/haria\/el-ayuntamiento-revisa-todos-los-puntos-de-iluminacion-de-haria-y-sigue-avanzando-en-el-plan-de-embellecimiento-del-municipio\/","title":{"rendered":"El Ayuntamiento revisa todos los puntos de iluminaci\u00f3n de Har\u00eda y sigue avanzando en el Plan de Embellecimiento del municipio"},"content":{"rendered":"<p>El Ayuntamiento de Har\u00eda, a trav\u00e9s del \u00e1rea de Conservaci\u00f3n y Mantenimiento de Bienes y Servicios, que coordina Armando Bonilla, ha instalado 50 puestos de luz nuevos y ha revisado todos los puntos de iluminaci\u00f3n del municipio, con el fin de detectar desperfectos y proceder a su arreglo. De esta forma, el Consistorio sigue dando pasos en la mejora y embellecimiento del litoral y del interior de Har\u00eda.<\/p>\n<p>El concejal responsable del \u00c1rea, Armando Bonilla, asegura que \u201ccon estas obras se est\u00e1n satisfaciendo unas demandas de los vecinos y vecinas del municipio que nos vienen transmitiendo desde hace tiempo y, gracias a los planes de empleo en colaboraci\u00f3n con el Cabildo insular, estamos acometiendo actuaciones por todos los puntos de Har\u00eda\u201d.<\/p>\n<p>\u201cHasta ahora hemos rehabilitado varios muros de piedra, cuyo estado representaban un peligro para la poblaci\u00f3n; hemos pintado m\u00e1s de 100 farolas, bancos y accesos a playas y piscinas; se ha procedido a la poda y limpieza de cerca de 200 palmeras de jardines y parques todo el municipio; hemos borrado grafitis y arreglado los exteriores del balneario La Garita; se han colocado contenedores de reciclaje cercanos a la Playa de La Garita y se ha rehabilitado la terraza, jard\u00edn e interiores del Centro Sociocultural El Tef\u00edo de Ye\u201d, detalla el concejal.<\/p>\n<p>Las actuaciones han contado con la ayuda de 25 trabajadores de planes de empleo y \u201cla idea es seguir mejorando los accesos, muros, bancos, papeleras y zonas del litoral del municipio, con el fin de ofrecer la mejor imagen de Har\u00eda a la poblaci\u00f3n y a los visitantes\u201d, concluye Bonilla.<\/p>\n","protected":false},"excerpt":{"rendered":"<p>El Ayuntamiento de Har\u00eda, a trav\u00e9s del \u00e1rea de Conservaci\u00f3n y Mantenimiento de Bienes y Servicios, que coordina Armando Bonilla, ha instalado 50 puestos de luz nuevos y ha revisado todos los puntos de iluminaci\u00f3n del municipio, con el fin de detectar desperfectos y proceder a su arreglo. De esta forma, el Consistorio sigue dando [&hellip;]<\/p>\n","protected":false},"author":13,"featured_media":20372,"comment_status":"closed","ping_status":"closed","sticky":false,"template":"","format":"standard","meta":{"footnotes":""},"categories":[425,11,23],"tags":[565,576,464,713,715,714,575,581,467,582,716,568],"class_list":["post-20371","post","type-post","status-publish","format-standard","has-post-thumbnail","hentry","category-destacado","category-hoja-de-haria","category-obras-y-servicios","tag-arrieta","tag-embellecimiento","tag-haria","tag-iluminacion","tag-jardines","tag-limpieza","tag-mejoras","tag-muros","tag-obras","tag-palmeras","tag-playas","tag-punta-mujeres"],"_links":{"self":[{"href":"https:\/\/www.ayuntamientodeharia.com\/haria\/wp-json\/wp\/v2\/posts\/20371","targetHints":{"allow":["GET"]}}],"collection":[{"href":"https:\/\/www.ayuntamientodeharia.com\/haria\/wp-json\/wp\/v2\/posts"}],"about":[{"href":"https:\/\/www.ayuntamientodeharia.com\/haria\/wp-json\/wp\/v2\/types\/post"}],"author":[{"embeddable":true,"href":"https:\/\/www.ayuntamientodeharia.com\/haria\/wp-json\/wp\/v2\/users\/13"}],"replies":[{"embeddable":true,"href":"https:\/\/www.ayuntamientodeharia.com\/haria\/wp-json\/wp\/v2\/comments?post=20371"}],"version-history":[{"count":1,"href":"https:\/\/www.ayuntamientodeharia.com\/haria\/wp-json\/wp\/v2\/posts\/20371\/revisions"}],"predecessor-version":[{"id":20373,"href":"https:\/\/www.ayuntamientodeharia.com\/haria\/wp-json\/wp\/v2\/posts\/20371\/revisions\/20373"}],"wp:featuredmedia":[{"embeddable":true,"href":"https:\/\/www.ayuntamientodeharia.com\/haria\/wp-json\/wp\/v2\/media\/20372"}],"wp:attachment":[{"href":"https:\/\/www.ayuntamientodeharia.com\/haria\/wp-json\/wp\/v2\/media?parent=20371"}],"wp:term":[{"taxonomy":"category","embeddable":true,"href":"https:\/\/www.ayuntamientodeharia.com\/haria\/wp-json\/wp\/v2\/categories?post=20371"},{"taxonomy":"post_tag","embeddable":true,"href":"https:\/\/www.ayuntamientodeharia.com\/haria\/wp-json\/wp\/v2\/tags?post=20371"}],"curies":[{"name":"wp","href":"https:\/\/api.w.org\/{rel}","templated":true}]}}