{"id":20368,"date":"2021-03-26T15:24:42","date_gmt":"2021-03-26T15:24:42","guid":{"rendered":"https:\/\/www.ayuntamientodeharia.com\/haria\/?p=20368"},"modified":"2021-03-26T15:24:42","modified_gmt":"2021-03-26T15:24:42","slug":"haria-crea-un-convenio-con-la-policia-local-y-la-guardia-civil-para-la-proteccion-de-las-victimas-de-violencia-de-genero","status":"publish","type":"post","link":"https:\/\/www.ayuntamientodeharia.com\/haria\/haria-crea-un-convenio-con-la-policia-local-y-la-guardia-civil-para-la-proteccion-de-las-victimas-de-violencia-de-genero\/","title":{"rendered":"Har\u00eda crea un convenio con la Polic\u00eda Local y la Guardia Civil para la protecci\u00f3n de las v\u00edctimas de violencia de g\u00e9nero"},"content":{"rendered":"<p>El Ayuntamiento de Har\u00eda ha mantenido una reuni\u00f3n con representantes de la Guardia Civil y de la Polic\u00eda Local del municipio para establecer las bases de un convenio de protecci\u00f3n y seguimiento de las v\u00edctimas de violencia de g\u00e9nero.<\/p>\n<p>La alcaldesa de Har\u00eda, Chaxiraxi Niz, resalta la implicaci\u00f3n de la Corporaci\u00f3n en la lucha \u201ccontra una lacra que ha experimentado un preocupante aumento en la isla de Lanzarote y para la que se crear\u00e1 un mecanismo que ampare y apoye a las v\u00edctimas, ofreci\u00e9ndoles asistencia y protecci\u00f3n durante una situaci\u00f3n de vulnerabilidad como esa\u201d.<\/p>\n<p>\u201cPor ello es fundamental establecer una uni\u00f3n y preparar un protocolo de actuaci\u00f3n que brinde la protecci\u00f3n y el seguimiento necesario a las v\u00edctimas de violencia de g\u00e9nero\u201d, concluye la alcaldesa.<\/p>\n","protected":false},"excerpt":{"rendered":"<p>El Ayuntamiento de Har\u00eda ha mantenido una reuni\u00f3n con representantes de la Guardia Civil y de la Polic\u00eda Local del municipio para establecer las bases de un convenio de protecci\u00f3n y seguimiento de las v\u00edctimas de violencia de g\u00e9nero. La alcaldesa de Har\u00eda, Chaxiraxi Niz, resalta la implicaci\u00f3n de la Corporaci\u00f3n en la lucha \u201ccontra [&hellip;]<\/p>\n","protected":false},"author":13,"featured_media":20369,"comment_status":"closed","ping_status":"closed","sticky":false,"template":"","format":"standard","meta":{"footnotes":""},"categories":[73,187,425,11,30],"tags":[636,709,464,708,623,710,711,712],"class_list":["post-20368","post","type-post","status-publish","format-standard","has-post-thumbnail","hentry","category-alcaldia","category-bienestar-social","category-destacado","category-hoja-de-haria","category-igualdad","tag-convenio","tag-guardia-civil","tag-haria","tag-igualdad","tag-policia","tag-proteccion","tag-seguimiento","tag-victimas-violencia-de-genero"],"_links":{"self":[{"href":"https:\/\/www.ayuntamientodeharia.com\/haria\/wp-json\/wp\/v2\/posts\/20368","targetHints":{"allow":["GET"]}}],"collection":[{"href":"https:\/\/www.ayuntamientodeharia.com\/haria\/wp-json\/wp\/v2\/posts"}],"about":[{"href":"https:\/\/www.ayuntamientodeharia.com\/haria\/wp-json\/wp\/v2\/types\/post"}],"author":[{"embeddable":true,"href":"https:\/\/www.ayuntamientodeharia.com\/haria\/wp-json\/wp\/v2\/users\/13"}],"replies":[{"embeddable":true,"href":"https:\/\/www.ayuntamientodeharia.com\/haria\/wp-json\/wp\/v2\/comments?post=20368"}],"version-history":[{"count":1,"href":"https:\/\/www.ayuntamientodeharia.com\/haria\/wp-json\/wp\/v2\/posts\/20368\/revisions"}],"predecessor-version":[{"id":20370,"href":"https:\/\/www.ayuntamientodeharia.com\/haria\/wp-json\/wp\/v2\/posts\/20368\/revisions\/20370"}],"wp:featuredmedia":[{"embeddable":true,"href":"https:\/\/www.ayuntamientodeharia.com\/haria\/wp-json\/wp\/v2\/media\/20369"}],"wp:attachment":[{"href":"https:\/\/www.ayuntamientodeharia.com\/haria\/wp-json\/wp\/v2\/media?parent=20368"}],"wp:term":[{"taxonomy":"category","embeddable":true,"href":"https:\/\/www.ayuntamientodeharia.com\/haria\/wp-json\/wp\/v2\/categories?post=20368"},{"taxonomy":"post_tag","embeddable":true,"href":"https:\/\/www.ayuntamientodeharia.com\/haria\/wp-json\/wp\/v2\/tags?post=20368"}],"curies":[{"name":"wp","href":"https:\/\/api.w.org\/{rel}","templated":true}]}}