{"id":20365,"date":"2021-03-26T15:21:57","date_gmt":"2021-03-26T15:21:57","guid":{"rendered":"https:\/\/www.ayuntamientodeharia.com\/haria\/?p=20365"},"modified":"2021-03-26T15:21:57","modified_gmt":"2021-03-26T15:21:57","slug":"vuelve-la-skuela-de-skate-de-haria","status":"publish","type":"post","link":"https:\/\/www.ayuntamientodeharia.com\/haria\/vuelve-la-skuela-de-skate-de-haria\/","title":{"rendered":"Vuelve la Skuela de Skate de Har\u00eda"},"content":{"rendered":"<p>El Punto Joven del Ayuntamiento de Har\u00eda vuelve a poner en marcha las clases de skate a partir del lunes, 5 de abril, con el proyecto\u00a0\u2018Skuela de Skate Har\u00eda\u2019. A partir del 5 de abril, estas clases se prolongar\u00e1n hasta el 20 de diciembre, durante todos los lunes.<\/p>\n<p>Las clases se impartir\u00e1n en la rampa de skate, ubicada en la Playa de La Garita, en Arrieta, los lunes, de 17.00 a 18.00 horas y estas se dividir\u00e1n en dos grupos de trabajo: por un lado, las clases para grupos avanzados (recomendado para ni\u00f1os y ni\u00f1as mayores de 10 a\u00f1os), y por el otro para el grupo de iniciaci\u00f3n (recomendado para ni\u00f1os y ni\u00f1as entre 6 y 9 a\u00f1os).<\/p>\n<p>Ambos grupos tendr\u00e1n plazas limitadas y control de aforo.<\/p>\n<p>Las clases son gratuitas y cada alumno ha de llevar su tabla y sus protecciones. Para poder llevar a cabo la actividad con seguridad sanitaria todos los participantes tienen que hacer uso de la mascarilla obligatoria a la llegada al punto de encuentro y siempre y cuando no se guarde la distancia de seguridad de 1,5 metros durante la actividad.<\/p>\n<p>Para m\u00e1s informaci\u00f3n pueden pasar por la zona de skate los d\u00edas de clase y preguntar a los monitores. Tambi\u00e9n pueden visitar la agenda de la web\u00a0juventudharia.es,\u00a0contactar en el tel\u00e9fono 637 893 535 o en el correo\u00a0<a href=\"mailto:juventud@ayuntamientodeharia.com\">juventud@ayuntamientodeharia.com<\/a>.<\/p>\n","protected":false},"excerpt":{"rendered":"<p>El Punto Joven del Ayuntamiento de Har\u00eda vuelve a poner en marcha las clases de skate a partir del lunes, 5 de abril, con el proyecto\u00a0\u2018Skuela de Skate Har\u00eda\u2019. A partir del 5 de abril, estas clases se prolongar\u00e1n hasta el 20 de diciembre, durante todos los lunes. Las clases se impartir\u00e1n en la rampa [&hellip;]<\/p>\n","protected":false},"author":13,"featured_media":20366,"comment_status":"closed","ping_status":"closed","sticky":false,"template":"","format":"standard","meta":{"footnotes":""},"categories":[32,11,25],"tags":[705,506,464,535,563,706,707],"class_list":["post-20365","post","type-post","status-publish","format-standard","has-post-thumbnail","hentry","category-anuncios","category-hoja-de-haria","category-juventud","tag-cursos","tag-escuela","tag-haria","tag-juventud","tag-la-garita","tag-skate","tag-skuela"],"_links":{"self":[{"href":"https:\/\/www.ayuntamientodeharia.com\/haria\/wp-json\/wp\/v2\/posts\/20365","targetHints":{"allow":["GET"]}}],"collection":[{"href":"https:\/\/www.ayuntamientodeharia.com\/haria\/wp-json\/wp\/v2\/posts"}],"about":[{"href":"https:\/\/www.ayuntamientodeharia.com\/haria\/wp-json\/wp\/v2\/types\/post"}],"author":[{"embeddable":true,"href":"https:\/\/www.ayuntamientodeharia.com\/haria\/wp-json\/wp\/v2\/users\/13"}],"replies":[{"embeddable":true,"href":"https:\/\/www.ayuntamientodeharia.com\/haria\/wp-json\/wp\/v2\/comments?post=20365"}],"version-history":[{"count":1,"href":"https:\/\/www.ayuntamientodeharia.com\/haria\/wp-json\/wp\/v2\/posts\/20365\/revisions"}],"predecessor-version":[{"id":20367,"href":"https:\/\/www.ayuntamientodeharia.com\/haria\/wp-json\/wp\/v2\/posts\/20365\/revisions\/20367"}],"wp:featuredmedia":[{"embeddable":true,"href":"https:\/\/www.ayuntamientodeharia.com\/haria\/wp-json\/wp\/v2\/media\/20366"}],"wp:attachment":[{"href":"https:\/\/www.ayuntamientodeharia.com\/haria\/wp-json\/wp\/v2\/media?parent=20365"}],"wp:term":[{"taxonomy":"category","embeddable":true,"href":"https:\/\/www.ayuntamientodeharia.com\/haria\/wp-json\/wp\/v2\/categories?post=20365"},{"taxonomy":"post_tag","embeddable":true,"href":"https:\/\/www.ayuntamientodeharia.com\/haria\/wp-json\/wp\/v2\/tags?post=20365"}],"curies":[{"name":"wp","href":"https:\/\/api.w.org\/{rel}","templated":true}]}}