{"id":20363,"date":"2021-03-26T15:20:28","date_gmt":"2021-03-26T15:20:28","guid":{"rendered":"https:\/\/www.ayuntamientodeharia.com\/haria\/?p=20363"},"modified":"2021-03-26T15:20:28","modified_gmt":"2021-03-26T15:20:28","slug":"el-ayuntamiento-informa-del-horario-especial-durante-la-semana-santa","status":"publish","type":"post","link":"https:\/\/www.ayuntamientodeharia.com\/haria\/el-ayuntamiento-informa-del-horario-especial-durante-la-semana-santa\/","title":{"rendered":"El Ayuntamiento informa del horario especial durante la Semana Santa"},"content":{"rendered":"<p>El Ayuntamiento de Har\u00eda notifica a la ciudadan\u00eda que, durante los d\u00edas 29, 30 y 31 de marzo de 2021, fechas correspondientes a la Semana Santa de este a\u00f1o, las oficinas del Consistorio permanecer\u00e1n abiertas entre las 8.00 y las 14.00 horas. Asimismo, el Parque M\u00f3vil abrir\u00e1 durante estos d\u00edas de 7.00 a 13.00 horas.<\/p>\n","protected":false},"excerpt":{"rendered":"<p>El Ayuntamiento de Har\u00eda notifica a la ciudadan\u00eda que, durante los d\u00edas 29, 30 y 31 de marzo de 2021, fechas correspondientes a la Semana Santa de este a\u00f1o, las oficinas del Consistorio permanecer\u00e1n abiertas entre las 8.00 y las 14.00 horas. Asimismo, el Parque M\u00f3vil abrir\u00e1 durante estos d\u00edas de 7.00 a 13.00 horas.<\/p>\n","protected":false},"author":13,"featured_media":20158,"comment_status":"closed","ping_status":"closed","sticky":false,"template":"","format":"standard","meta":{"footnotes":""},"categories":[32,11],"tags":[702,466,464,538,704,703],"class_list":["post-20363","post","type-post","status-publish","format-standard","has-post-thumbnail","hentry","category-anuncios","category-hoja-de-haria","tag-anuncio","tag-ayuntamiento","tag-haria","tag-horario","tag-parque-movil","tag-semana-santa"],"_links":{"self":[{"href":"https:\/\/www.ayuntamientodeharia.com\/haria\/wp-json\/wp\/v2\/posts\/20363","targetHints":{"allow":["GET"]}}],"collection":[{"href":"https:\/\/www.ayuntamientodeharia.com\/haria\/wp-json\/wp\/v2\/posts"}],"about":[{"href":"https:\/\/www.ayuntamientodeharia.com\/haria\/wp-json\/wp\/v2\/types\/post"}],"author":[{"embeddable":true,"href":"https:\/\/www.ayuntamientodeharia.com\/haria\/wp-json\/wp\/v2\/users\/13"}],"replies":[{"embeddable":true,"href":"https:\/\/www.ayuntamientodeharia.com\/haria\/wp-json\/wp\/v2\/comments?post=20363"}],"version-history":[{"count":1,"href":"https:\/\/www.ayuntamientodeharia.com\/haria\/wp-json\/wp\/v2\/posts\/20363\/revisions"}],"predecessor-version":[{"id":20364,"href":"https:\/\/www.ayuntamientodeharia.com\/haria\/wp-json\/wp\/v2\/posts\/20363\/revisions\/20364"}],"wp:featuredmedia":[{"embeddable":true,"href":"https:\/\/www.ayuntamientodeharia.com\/haria\/wp-json\/wp\/v2\/media\/20158"}],"wp:attachment":[{"href":"https:\/\/www.ayuntamientodeharia.com\/haria\/wp-json\/wp\/v2\/media?parent=20363"}],"wp:term":[{"taxonomy":"category","embeddable":true,"href":"https:\/\/www.ayuntamientodeharia.com\/haria\/wp-json\/wp\/v2\/categories?post=20363"},{"taxonomy":"post_tag","embeddable":true,"href":"https:\/\/www.ayuntamientodeharia.com\/haria\/wp-json\/wp\/v2\/tags?post=20363"}],"curies":[{"name":"wp","href":"https:\/\/api.w.org\/{rel}","templated":true}]}}