{"id":20346,"date":"2021-03-26T14:28:59","date_gmt":"2021-03-26T14:28:59","guid":{"rendered":"https:\/\/www.ayuntamientodeharia.com\/haria\/?p=20346"},"modified":"2021-03-26T14:28:59","modified_gmt":"2021-03-26T14:28:59","slug":"la-asociacion-milana-presenta-las-actividades-del-proyecto-las-rutas-de-la-cochinilla-x","status":"publish","type":"post","link":"https:\/\/www.ayuntamientodeharia.com\/haria\/la-asociacion-milana-presenta-las-actividades-del-proyecto-las-rutas-de-la-cochinilla-x\/","title":{"rendered":"La asociaci\u00f3n Milana presenta las actividades del proyecto \u2018Las Rutas de la Cochinilla X\u2019"},"content":{"rendered":"<p>La asociaci\u00f3n cultural, social, patrimonial y agr\u00edcola Milana lleva a cabo talleres y rutas para fomentar y compartir las distintas t\u00e9cnicas en el uso y aplicaciones de la cochinilla, as\u00ed como para dar a conocer la flora y fauna del municipio de Har\u00eda.<\/p>\n<p>Estas actividades se enmarcan en el proyecto \u2018Las Rutas de la Cochinilla X\u2019 y constan de talleres de acuarela con cochinilla, de pasta de modelar y de arenas de playa tintadas, culminando con unas rutas de la cochinilla.<\/p>\n<p>Estos talleres ser\u00e1n impartidos por una graduada en Bellas Artes del 22 de marzo al 22 de junio. Las plazas son limitadas. Para m\u00e1s informaci\u00f3n, llamar en horario de 8.00 a 14.00 horas a la asociaci\u00f3n Milana, al tel\u00e9fono 928 529 328.<\/p>\n","protected":false},"excerpt":{"rendered":"<p>La asociaci\u00f3n cultural, social, patrimonial y agr\u00edcola Milana lleva a cabo talleres y rutas para fomentar y compartir las distintas t\u00e9cnicas en el uso y aplicaciones de la cochinilla, as\u00ed como para dar a conocer la flora y fauna del municipio de Har\u00eda. Estas actividades se enmarcan en el proyecto \u2018Las Rutas de la Cochinilla [&hellip;]<\/p>\n","protected":false},"author":13,"featured_media":20227,"comment_status":"closed","ping_status":"closed","sticky":false,"template":"","format":"standard","meta":{"footnotes":""},"categories":[32,66,11],"tags":[690,478,688,687,464,689,679],"class_list":["post-20346","post","type-post","status-publish","format-standard","has-post-thumbnail","hentry","category-anuncios","category-artesania","category-hoja-de-haria","tag-actividades","tag-artesania","tag-asociacion","tag-cochinilla","tag-haria","tag-milana","tag-rutas"],"_links":{"self":[{"href":"https:\/\/www.ayuntamientodeharia.com\/haria\/wp-json\/wp\/v2\/posts\/20346","targetHints":{"allow":["GET"]}}],"collection":[{"href":"https:\/\/www.ayuntamientodeharia.com\/haria\/wp-json\/wp\/v2\/posts"}],"about":[{"href":"https:\/\/www.ayuntamientodeharia.com\/haria\/wp-json\/wp\/v2\/types\/post"}],"author":[{"embeddable":true,"href":"https:\/\/www.ayuntamientodeharia.com\/haria\/wp-json\/wp\/v2\/users\/13"}],"replies":[{"embeddable":true,"href":"https:\/\/www.ayuntamientodeharia.com\/haria\/wp-json\/wp\/v2\/comments?post=20346"}],"version-history":[{"count":1,"href":"https:\/\/www.ayuntamientodeharia.com\/haria\/wp-json\/wp\/v2\/posts\/20346\/revisions"}],"predecessor-version":[{"id":20347,"href":"https:\/\/www.ayuntamientodeharia.com\/haria\/wp-json\/wp\/v2\/posts\/20346\/revisions\/20347"}],"wp:featuredmedia":[{"embeddable":true,"href":"https:\/\/www.ayuntamientodeharia.com\/haria\/wp-json\/wp\/v2\/media\/20227"}],"wp:attachment":[{"href":"https:\/\/www.ayuntamientodeharia.com\/haria\/wp-json\/wp\/v2\/media?parent=20346"}],"wp:term":[{"taxonomy":"category","embeddable":true,"href":"https:\/\/www.ayuntamientodeharia.com\/haria\/wp-json\/wp\/v2\/categories?post=20346"},{"taxonomy":"post_tag","embeddable":true,"href":"https:\/\/www.ayuntamientodeharia.com\/haria\/wp-json\/wp\/v2\/tags?post=20346"}],"curies":[{"name":"wp","href":"https:\/\/api.w.org\/{rel}","templated":true}]}}