{"id":20163,"date":"2021-02-12T14:46:33","date_gmt":"2021-02-12T14:46:33","guid":{"rendered":"https:\/\/www.ayuntamientodeharia.com\/haria\/?p=20163"},"modified":"2021-02-12T14:46:33","modified_gmt":"2021-02-12T14:46:33","slug":"haria-promueve-la-campana-del-servicio-canario-de-salud-las-8-islas-canarias-luchan-contra-la-covid-19-8-medidas-preventivas-8-islas-comprometidas","status":"publish","type":"post","link":"https:\/\/www.ayuntamientodeharia.com\/haria\/haria-promueve-la-campana-del-servicio-canario-de-salud-las-8-islas-canarias-luchan-contra-la-covid-19-8-medidas-preventivas-8-islas-comprometidas\/","title":{"rendered":"Har\u00eda promueve la campa\u00f1a del Servicio Canario de Salud \u2018Las 8 islas Canarias luchan contra la COVID-19. 8 Medidas preventivas, 8 islas comprometidas\u2019"},"content":{"rendered":"<p>El Ayuntamiento de Har\u00eda, a trav\u00e9s de la concejal\u00eda de Sanidad, que coordina Evelia Garc\u00eda, promueve la campa\u00f1a informativa emitida por el Servicio Canario de Salud (SCS) \u2018Las 8 islas Canarias luchan contra la COVID-19. 8 Medidas preventivas, 8 islas comprometidas\u2019, creada para concienciar a la poblaci\u00f3n de las decisiones y comportamientos adecuados para protegerse del coronavirus.<\/p>\n<p>En la misma l\u00ednea, la edil se\u00f1ala que estas ocho pautas preventivas son clave para minimizar el riesgo de contagio y para mitigar la propagaci\u00f3n del virus, siendo imprescindibles para el escenario sanitario en el que Lanzarote se encuentra en la actualidad.<\/p>\n<p>Las ocho pautas son las siguientes:<\/p>\n<p>M1: Metros. Mantenga la distancia de seguridad de 1,5 -2 Metros.<\/p>\n<p>M2: Use siempre Mascarilla.<\/p>\n<p>M3: Movimiento del aire en espacios cerrados. Ventile varias veces al d\u00eda.<\/p>\n<p>M4: Movimiento del aire en espacios abiertos. Opte por ellos siempre que pueda.<\/p>\n<p>M5: Higiene de Manos. L\u00e1vese las manos con agua y jab\u00f3n o use gel hidroalcoh\u00f3lico.<\/p>\n<p>C1: Evite los espacios Cerrados.<\/p>\n<p>C2: Evite los espacios Concurridos.<\/p>\n<p>C3: Evite los contactos Cercanos<\/p>\n","protected":false},"excerpt":{"rendered":"<p>El Ayuntamiento de Har\u00eda, a trav\u00e9s de la concejal\u00eda de Sanidad, que coordina Evelia Garc\u00eda, promueve la campa\u00f1a informativa emitida por el Servicio Canario de Salud (SCS) \u2018Las 8 islas Canarias luchan contra la COVID-19. 8 Medidas preventivas, 8 islas comprometidas\u2019, creada para concienciar a la poblaci\u00f3n de las decisiones y comportamientos adecuados para protegerse [&hellip;]<\/p>\n","protected":false},"author":13,"featured_media":20165,"comment_status":"closed","ping_status":"closed","sticky":false,"template":"","format":"standard","meta":{"footnotes":""},"categories":[11,64],"tags":[485,546,464,493,547,549,543,548],"class_list":["post-20163","post","type-post","status-publish","format-standard","has-post-thumbnail","hentry","category-hoja-de-haria","category-sanidad","tag-canarias","tag-covid19","tag-haria","tag-lanzarote","tag-medidas","tag-salud","tag-sanidad","tag-servicio-canario-de-salud"],"_links":{"self":[{"href":"https:\/\/www.ayuntamientodeharia.com\/haria\/wp-json\/wp\/v2\/posts\/20163","targetHints":{"allow":["GET"]}}],"collection":[{"href":"https:\/\/www.ayuntamientodeharia.com\/haria\/wp-json\/wp\/v2\/posts"}],"about":[{"href":"https:\/\/www.ayuntamientodeharia.com\/haria\/wp-json\/wp\/v2\/types\/post"}],"author":[{"embeddable":true,"href":"https:\/\/www.ayuntamientodeharia.com\/haria\/wp-json\/wp\/v2\/users\/13"}],"replies":[{"embeddable":true,"href":"https:\/\/www.ayuntamientodeharia.com\/haria\/wp-json\/wp\/v2\/comments?post=20163"}],"version-history":[{"count":1,"href":"https:\/\/www.ayuntamientodeharia.com\/haria\/wp-json\/wp\/v2\/posts\/20163\/revisions"}],"predecessor-version":[{"id":20166,"href":"https:\/\/www.ayuntamientodeharia.com\/haria\/wp-json\/wp\/v2\/posts\/20163\/revisions\/20166"}],"wp:featuredmedia":[{"embeddable":true,"href":"https:\/\/www.ayuntamientodeharia.com\/haria\/wp-json\/wp\/v2\/media\/20165"}],"wp:attachment":[{"href":"https:\/\/www.ayuntamientodeharia.com\/haria\/wp-json\/wp\/v2\/media?parent=20163"}],"wp:term":[{"taxonomy":"category","embeddable":true,"href":"https:\/\/www.ayuntamientodeharia.com\/haria\/wp-json\/wp\/v2\/categories?post=20163"},{"taxonomy":"post_tag","embeddable":true,"href":"https:\/\/www.ayuntamientodeharia.com\/haria\/wp-json\/wp\/v2\/tags?post=20163"}],"curies":[{"name":"wp","href":"https:\/\/api.w.org\/{rel}","templated":true}]}}