{"id":20160,"date":"2021-02-12T14:40:55","date_gmt":"2021-02-12T14:40:55","guid":{"rendered":"https:\/\/www.ayuntamientodeharia.com\/haria\/?p=20160"},"modified":"2021-02-12T14:40:55","modified_gmt":"2021-02-12T14:40:55","slug":"lanzarote-sigue-una-semana-mas-en-nivel-de-alerta-4-y-se-endurecen-las-medidas-por-el-carnaval","status":"publish","type":"post","link":"https:\/\/www.ayuntamientodeharia.com\/haria\/lanzarote-sigue-una-semana-mas-en-nivel-de-alerta-4-y-se-endurecen-las-medidas-por-el-carnaval\/","title":{"rendered":"Lanzarote sigue una semana m\u00e1s en nivel de alerta 4 y se endurecen las medidas por el Carnaval"},"content":{"rendered":"<p>El Ayuntamiento de Har\u00eda informa a la ciudadan\u00eda que Lanzarote continuar\u00e1 al menos durante una semana m\u00e1s en nivel de alerta sanitaria 4. A estas restricciones se sumar\u00e1n varias medidas nuevas, implantadas con car\u00e1cter preventivo de cara a los pr\u00f3ximos d\u00edas de Carnaval.<\/p>\n<p>En la evaluaci\u00f3n semanal que tuvo lugar el jueves, 11 de febrero, el Gobierno de Canarias apreci\u00f3 que, pese a las mejoras en la Isla con respecto a la curva de contagios, Lanzarote sigue en un nivel m\u00e1ximo de riesgo, incluido el de la presi\u00f3n hospitalaria en la UCI.<\/p>\n<p>La principal novedad para la Isla durante estos d\u00edas ser\u00e1 una nueva reducci\u00f3n de las personas no convivientes que pueden reunirse. Desde este viernes y hasta dentro de diez d\u00edas, el m\u00e1ximo pasa a ser de dos personas tanto en hosteler\u00eda como en cualquier otro espacio p\u00fablico o privado. Asimismo, se mantiene el toque de queda desde las 22 horas y hasta las 6 de la ma\u00f1ana.<\/p>\n<p>La alcaldesa Chaxiraxi Niz apela a la responsabilidad de la poblaci\u00f3n norte\u00f1a, especialmente durante los pr\u00f3ximos d\u00edas de carnavales. \u201cAunque sean unas fiestas muy queridas por los vecinos y vecinas de Har\u00eda, debemos hacer un esfuerzo para seguir revirtiendo la curva de contagios y lograr reducir el nivel de alerta en la Isla, tanto por nuestro bien sanitario, como por el econ\u00f3mico\u201d.<\/p>\n","protected":false},"excerpt":{"rendered":"<p>El Ayuntamiento de Har\u00eda informa a la ciudadan\u00eda que Lanzarote continuar\u00e1 al menos durante una semana m\u00e1s en nivel de alerta sanitaria 4. A estas restricciones se sumar\u00e1n varias medidas nuevas, implantadas con car\u00e1cter preventivo de cara a los pr\u00f3ximos d\u00edas de Carnaval. En la evaluaci\u00f3n semanal que tuvo lugar el jueves, 11 de febrero, [&hellip;]<\/p>\n","protected":false},"author":13,"featured_media":20161,"comment_status":"closed","ping_status":"closed","sticky":false,"template":"","format":"standard","meta":{"footnotes":""},"categories":[73,32,11,64],"tags":[545,466,540,546,464,493,547,544,543],"class_list":["post-20160","post","type-post","status-publish","format-standard","has-post-thumbnail","hentry","category-alcaldia","category-anuncios","category-hoja-de-haria","category-sanidad","tag-alerta","tag-ayuntamiento","tag-carnaval","tag-covid19","tag-haria","tag-lanzarote","tag-medidas","tag-nivel","tag-sanidad"],"_links":{"self":[{"href":"https:\/\/www.ayuntamientodeharia.com\/haria\/wp-json\/wp\/v2\/posts\/20160","targetHints":{"allow":["GET"]}}],"collection":[{"href":"https:\/\/www.ayuntamientodeharia.com\/haria\/wp-json\/wp\/v2\/posts"}],"about":[{"href":"https:\/\/www.ayuntamientodeharia.com\/haria\/wp-json\/wp\/v2\/types\/post"}],"author":[{"embeddable":true,"href":"https:\/\/www.ayuntamientodeharia.com\/haria\/wp-json\/wp\/v2\/users\/13"}],"replies":[{"embeddable":true,"href":"https:\/\/www.ayuntamientodeharia.com\/haria\/wp-json\/wp\/v2\/comments?post=20160"}],"version-history":[{"count":1,"href":"https:\/\/www.ayuntamientodeharia.com\/haria\/wp-json\/wp\/v2\/posts\/20160\/revisions"}],"predecessor-version":[{"id":20162,"href":"https:\/\/www.ayuntamientodeharia.com\/haria\/wp-json\/wp\/v2\/posts\/20160\/revisions\/20162"}],"wp:featuredmedia":[{"embeddable":true,"href":"https:\/\/www.ayuntamientodeharia.com\/haria\/wp-json\/wp\/v2\/media\/20161"}],"wp:attachment":[{"href":"https:\/\/www.ayuntamientodeharia.com\/haria\/wp-json\/wp\/v2\/media?parent=20160"}],"wp:term":[{"taxonomy":"category","embeddable":true,"href":"https:\/\/www.ayuntamientodeharia.com\/haria\/wp-json\/wp\/v2\/categories?post=20160"},{"taxonomy":"post_tag","embeddable":true,"href":"https:\/\/www.ayuntamientodeharia.com\/haria\/wp-json\/wp\/v2\/tags?post=20160"}],"curies":[{"name":"wp","href":"https:\/\/api.w.org\/{rel}","templated":true}]}}