{"id":20124,"date":"2021-02-05T15:31:24","date_gmt":"2021-02-05T15:31:24","guid":{"rendered":"https:\/\/www.ayuntamientodeharia.com\/haria\/?p=20124"},"modified":"2021-02-05T15:31:24","modified_gmt":"2021-02-05T15:31:24","slug":"el-ayuntamiento-agradece-la-gran-acogida-de-la-reapertura-del-mercado-artesanal-de-haria","status":"publish","type":"post","link":"https:\/\/www.ayuntamientodeharia.com\/haria\/el-ayuntamiento-agradece-la-gran-acogida-de-la-reapertura-del-mercado-artesanal-de-haria\/","title":{"rendered":"El Ayuntamiento agradece la gran acogida de la reapertura del Mercado Artesanal de Har\u00eda"},"content":{"rendered":"<p>El Ayuntamiento de Har\u00eda, a trav\u00e9s del \u00e1rea de Artesan\u00eda, que coordina Evelia Garc\u00eda, agradece a los vecinos la gran acogida que han dado a la reapertura del Mercado Artesanal del municipio norte\u00f1o, que tuvo lugar el pasado s\u00e1bado, 28 de enero.<\/p>\n<p>La concejala se congratula del buen funcionamiento que mostr\u00f3 en esta primera semana el tradicional mercado y recalca el compromiso que el consistorio mantiene con la celebraci\u00f3n de este. \u201cEste n\u00facleo comercial, tur\u00edstico y patrimonial de Har\u00eda tiene que tener sus puertas abiertas siempre que las condiciones sanitarias lo permitan y, en ese sentido, seguiremos apostando por su continuidad, garantizando siempre el cumplimiento de los protocolos \u2018anti-COVID\u2019 establecidos\u201d.<\/p>\n<p>Evelia Garc\u00eda agradece a los visitantes, as\u00ed como a todos aquellos que han contribuido a la nueva puesta en marcha del mercado y lamenta los inconvenientes que haya podido ocasionar esta adaptaci\u00f3n a la normativa en pro de la adecuaci\u00f3n a percibir los contagios de SARS-CoV-2.<\/p>\n<p>La concejala recuerda adem\u00e1s que la entrada y salida sigue llev\u00e1ndose a cabo por el mismo lugar, tal como lo indicar\u00e1 el personal de Protecci\u00f3n Civil all\u00ed presente, con el fin de mantener un riguroso control del aforo y permitir que esta reapertura siga siendo segura.<\/p>\n","protected":false},"excerpt":{"rendered":"<p>El Ayuntamiento de Har\u00eda, a trav\u00e9s del \u00e1rea de Artesan\u00eda, que coordina Evelia Garc\u00eda, agradece a los vecinos la gran acogida que han dado a la reapertura del Mercado Artesanal del municipio norte\u00f1o, que tuvo lugar el pasado s\u00e1bado, 28 de enero. La concejala se congratula del buen funcionamiento que mostr\u00f3 en esta primera semana [&hellip;]<\/p>\n","protected":false},"author":13,"featured_media":20125,"comment_status":"closed","ping_status":"closed","sticky":false,"template":"","format":"standard","meta":{"footnotes":""},"categories":[73,66,11],"tags":[496,495,464,479,480],"class_list":["post-20124","post","type-post","status-publish","format-standard","has-post-thumbnail","hentry","category-alcaldia","category-artesania","category-hoja-de-haria","tag-acogida","tag-exito","tag-haria","tag-mercado-artesanal","tag-reapertura"],"_links":{"self":[{"href":"https:\/\/www.ayuntamientodeharia.com\/haria\/wp-json\/wp\/v2\/posts\/20124","targetHints":{"allow":["GET"]}}],"collection":[{"href":"https:\/\/www.ayuntamientodeharia.com\/haria\/wp-json\/wp\/v2\/posts"}],"about":[{"href":"https:\/\/www.ayuntamientodeharia.com\/haria\/wp-json\/wp\/v2\/types\/post"}],"author":[{"embeddable":true,"href":"https:\/\/www.ayuntamientodeharia.com\/haria\/wp-json\/wp\/v2\/users\/13"}],"replies":[{"embeddable":true,"href":"https:\/\/www.ayuntamientodeharia.com\/haria\/wp-json\/wp\/v2\/comments?post=20124"}],"version-history":[{"count":1,"href":"https:\/\/www.ayuntamientodeharia.com\/haria\/wp-json\/wp\/v2\/posts\/20124\/revisions"}],"predecessor-version":[{"id":20126,"href":"https:\/\/www.ayuntamientodeharia.com\/haria\/wp-json\/wp\/v2\/posts\/20124\/revisions\/20126"}],"wp:featuredmedia":[{"embeddable":true,"href":"https:\/\/www.ayuntamientodeharia.com\/haria\/wp-json\/wp\/v2\/media\/20125"}],"wp:attachment":[{"href":"https:\/\/www.ayuntamientodeharia.com\/haria\/wp-json\/wp\/v2\/media?parent=20124"}],"wp:term":[{"taxonomy":"category","embeddable":true,"href":"https:\/\/www.ayuntamientodeharia.com\/haria\/wp-json\/wp\/v2\/categories?post=20124"},{"taxonomy":"post_tag","embeddable":true,"href":"https:\/\/www.ayuntamientodeharia.com\/haria\/wp-json\/wp\/v2\/tags?post=20124"}],"curies":[{"name":"wp","href":"https:\/\/api.w.org\/{rel}","templated":true}]}}