{"id":19995,"date":"2021-01-11T12:37:04","date_gmt":"2021-01-11T12:37:04","guid":{"rendered":"https:\/\/www.ayuntamientodeharia.com\/haria\/?p=19995"},"modified":"2021-01-11T12:37:04","modified_gmt":"2021-01-11T12:37:04","slug":"se-activa-la-alerta-nivel-2-por-covid-en-lanzarote","status":"publish","type":"post","link":"https:\/\/www.ayuntamientodeharia.com\/haria\/se-activa-la-alerta-nivel-2-por-covid-en-lanzarote\/","title":{"rendered":"Se activa la alerta Nivel 2 por Covid en Lanzarote"},"content":{"rendered":"<p>Este jueves, 7 de enero, el presidente del Gobierno de Canarias, \u00c1ngel V\u00edctor Torres, anunci\u00f3 la incorporaci\u00f3n de Lanzarote al Nivel 2 de alerta por Covid despu\u00e9s de repunte de las \u00faltimas fechas.<\/p>\n<p>El decreto aprobado entrar\u00e1 en vigor a las 00:00 horas del domingo y se mantendr\u00e1 al menos 14 d\u00edas para pasar de nivel.<\/p>\n<p>As\u00ed, Lanzarote junto con La Gomera y Gran Canaria tendr\u00e1n un toque de queda desde las 23:00 hasta las 06:00 horas. Adem\u00e1s, no se permitir\u00e1 la reuni\u00f3n de m\u00e1s de cuatro personas por mesa, convivientes, en espacios de ocio y restauraci\u00f3n.<\/p>\n<p>Tambi\u00e9n se decreta el cierre de lugares p\u00fablicos a las 23:00 horas y la prohibici\u00f3n de actividades donde no se pueda garantizar la distancia de seguridad y el uso de mascarillas.<\/p>\n<p>Desde el grupo de gobierno del Ayuntamiento de Har\u00eda se pide a la poblaci\u00f3n extremar las medidas de prevenci\u00f3n establecidas por las autoridades sanitarias y no bajar la guardia en estas fechas, para poder disminuir la curva de contagios en la Isla y comenzar el a\u00f1o de la mejor manera posible.<\/p>\n","protected":false},"excerpt":{"rendered":"<p>Este jueves, 7 de enero, el presidente del Gobierno de Canarias, \u00c1ngel V\u00edctor Torres, anunci\u00f3 la incorporaci\u00f3n de Lanzarote al Nivel 2 de alerta por Covid despu\u00e9s de repunte de las \u00faltimas fechas. El decreto aprobado entrar\u00e1 en vigor a las 00:00 horas del domingo y se mantendr\u00e1 al menos 14 d\u00edas para pasar de [&hellip;]<\/p>\n","protected":false},"author":7,"featured_media":19413,"comment_status":"closed","ping_status":"closed","sticky":false,"template":"","format":"standard","meta":{"footnotes":""},"categories":[11,64],"tags":[],"class_list":["post-19995","post","type-post","status-publish","format-standard","has-post-thumbnail","hentry","category-hoja-de-haria","category-sanidad"],"_links":{"self":[{"href":"https:\/\/www.ayuntamientodeharia.com\/haria\/wp-json\/wp\/v2\/posts\/19995","targetHints":{"allow":["GET"]}}],"collection":[{"href":"https:\/\/www.ayuntamientodeharia.com\/haria\/wp-json\/wp\/v2\/posts"}],"about":[{"href":"https:\/\/www.ayuntamientodeharia.com\/haria\/wp-json\/wp\/v2\/types\/post"}],"author":[{"embeddable":true,"href":"https:\/\/www.ayuntamientodeharia.com\/haria\/wp-json\/wp\/v2\/users\/7"}],"replies":[{"embeddable":true,"href":"https:\/\/www.ayuntamientodeharia.com\/haria\/wp-json\/wp\/v2\/comments?post=19995"}],"version-history":[{"count":1,"href":"https:\/\/www.ayuntamientodeharia.com\/haria\/wp-json\/wp\/v2\/posts\/19995\/revisions"}],"predecessor-version":[{"id":19996,"href":"https:\/\/www.ayuntamientodeharia.com\/haria\/wp-json\/wp\/v2\/posts\/19995\/revisions\/19996"}],"wp:featuredmedia":[{"embeddable":true,"href":"https:\/\/www.ayuntamientodeharia.com\/haria\/wp-json\/wp\/v2\/media\/19413"}],"wp:attachment":[{"href":"https:\/\/www.ayuntamientodeharia.com\/haria\/wp-json\/wp\/v2\/media?parent=19995"}],"wp:term":[{"taxonomy":"category","embeddable":true,"href":"https:\/\/www.ayuntamientodeharia.com\/haria\/wp-json\/wp\/v2\/categories?post=19995"},{"taxonomy":"post_tag","embeddable":true,"href":"https:\/\/www.ayuntamientodeharia.com\/haria\/wp-json\/wp\/v2\/tags?post=19995"}],"curies":[{"name":"wp","href":"https:\/\/api.w.org\/{rel}","templated":true}]}}