{"id":19990,"date":"2021-01-11T12:13:05","date_gmt":"2021-01-11T12:13:05","guid":{"rendered":"https:\/\/www.ayuntamientodeharia.com\/haria\/?p=19990"},"modified":"2021-01-11T12:13:05","modified_gmt":"2021-01-11T12:13:05","slug":"se-pone-en-marcha-la-escuela-de-surf-y-bodyboard-de-haria-para-este-ano","status":"publish","type":"post","link":"https:\/\/www.ayuntamientodeharia.com\/haria\/se-pone-en-marcha-la-escuela-de-surf-y-bodyboard-de-haria-para-este-ano\/","title":{"rendered":"Se pone en marcha la Escuela de Surf y Bodyboard de Har\u00eda para este a\u00f1o"},"content":{"rendered":"<p>El \u00e1rea de Juventud del Ayuntamiento de Har\u00eda, junto al Club Octopus, pone en marcha las Escuelas de Surf y Bodyboard Har\u00eda 2021 para todo el a\u00f1o, a partir del domingo \u00a017 de enero, dirigidas a todos los j\u00f3venes del municipio nacidos entre el 2003 y 2013 que quieran iniciarse y perfeccionar los conocimientos de estas modalidades.<\/p>\n<p>Las clases se desarrollaran principalmente en la Playa de La Garita, en Arrieta, todos los domingos a partir de las 9:00 de la ma\u00f1ana, pudiendo ir a otras playas del municipio si las condiciones meteorol\u00f3gicas lo permiten.<\/p>\n<p>Los j\u00f3venes interesados deber\u00e1n tramitar la ficha federativa de Surf y Bodyboard para la temporada 2020, que tiene un precio anual de 29 euros para los alumnos de 8 a 14 a\u00f1os (nacidos en 2007-2013) \u00a0y 35 euros para los alumnos de 15 a 18 a\u00f1os (nacidos en 2003-2006).<\/p>\n<p>M\u00e1s informaci\u00f3n en la web www.juventudharia.es, en el email <a href=\"mailto:juventud@ayuntamientodeharia.com\">juventud@ayuntamientodeharia.com<\/a> y en el tel\u00e9fono del Departamento de Juventud: 637 893 535. Tambi\u00e9n pueden ponerse en contacto con el Club Surf y Bodyboard Octopus llamando al 685 973 255 (Richard) y a trav\u00e9s del email octopusbodyboard@yahoo.es.<\/p>\n","protected":false},"excerpt":{"rendered":"<p>El \u00e1rea de Juventud del Ayuntamiento de Har\u00eda, junto al Club Octopus, pone en marcha las Escuelas de Surf y Bodyboard Har\u00eda 2021 para todo el a\u00f1o, a partir del domingo \u00a017 de enero, dirigidas a todos los j\u00f3venes del municipio nacidos entre el 2003 y 2013 que quieran iniciarse y perfeccionar los conocimientos de [&hellip;]<\/p>\n","protected":false},"author":7,"featured_media":17766,"comment_status":"closed","ping_status":"closed","sticky":false,"template":"","format":"standard","meta":{"footnotes":""},"categories":[425,11,25],"tags":[],"class_list":["post-19990","post","type-post","status-publish","format-standard","has-post-thumbnail","hentry","category-destacado","category-hoja-de-haria","category-juventud"],"_links":{"self":[{"href":"https:\/\/www.ayuntamientodeharia.com\/haria\/wp-json\/wp\/v2\/posts\/19990","targetHints":{"allow":["GET"]}}],"collection":[{"href":"https:\/\/www.ayuntamientodeharia.com\/haria\/wp-json\/wp\/v2\/posts"}],"about":[{"href":"https:\/\/www.ayuntamientodeharia.com\/haria\/wp-json\/wp\/v2\/types\/post"}],"author":[{"embeddable":true,"href":"https:\/\/www.ayuntamientodeharia.com\/haria\/wp-json\/wp\/v2\/users\/7"}],"replies":[{"embeddable":true,"href":"https:\/\/www.ayuntamientodeharia.com\/haria\/wp-json\/wp\/v2\/comments?post=19990"}],"version-history":[{"count":1,"href":"https:\/\/www.ayuntamientodeharia.com\/haria\/wp-json\/wp\/v2\/posts\/19990\/revisions"}],"predecessor-version":[{"id":19991,"href":"https:\/\/www.ayuntamientodeharia.com\/haria\/wp-json\/wp\/v2\/posts\/19990\/revisions\/19991"}],"wp:featuredmedia":[{"embeddable":true,"href":"https:\/\/www.ayuntamientodeharia.com\/haria\/wp-json\/wp\/v2\/media\/17766"}],"wp:attachment":[{"href":"https:\/\/www.ayuntamientodeharia.com\/haria\/wp-json\/wp\/v2\/media?parent=19990"}],"wp:term":[{"taxonomy":"category","embeddable":true,"href":"https:\/\/www.ayuntamientodeharia.com\/haria\/wp-json\/wp\/v2\/categories?post=19990"},{"taxonomy":"post_tag","embeddable":true,"href":"https:\/\/www.ayuntamientodeharia.com\/haria\/wp-json\/wp\/v2\/tags?post=19990"}],"curies":[{"name":"wp","href":"https:\/\/api.w.org\/{rel}","templated":true}]}}