{"id":19967,"date":"2021-01-04T15:22:03","date_gmt":"2021-01-04T15:22:03","guid":{"rendered":"https:\/\/www.ayuntamientodeharia.com\/haria\/?p=19967"},"modified":"2021-01-08T13:31:57","modified_gmt":"2021-01-08T13:31:57","slug":"el-ayuntamiento-se-suma-a-la-condena-del-asesinato-machista-en-galdar","status":"publish","type":"post","link":"https:\/\/www.ayuntamientodeharia.com\/haria\/el-ayuntamiento-se-suma-a-la-condena-del-asesinato-machista-en-galdar\/","title":{"rendered":"El Ayuntamiento se suma a la condena del asesinato machista en G\u00e1ldar"},"content":{"rendered":"<p>Trabajadores del Ayuntamiento de Har\u00eda, con su alcaldesa Chaxiraxi Niz al frente, han guardado hoy un minuto de silencio en memoria de la mujer v\u00edctima del asesinato machista en el municipio de G\u00e1ldar, en Gran Canaria.<\/p>\n<p>El Consistorio norte\u00f1o se suma as\u00ed al resto de instituciones lanzarote\u00f1as y canarias en un gesto de repulsa hacia este nuevo caso de violencia de g\u00e9nero en las Islas.<\/p>\n<p>\u201cHace apenas un mes nos reun\u00edamos en este mismo lugar para conmemorar el D\u00eda Internacional de la Eliminaci\u00f3n de la Violencia contra la Mujer, pero lamentablemente el n\u00famero de asesinatos machistas sigue creciendo en nuestro pa\u00eds\u201d, se\u00f1ala la regidora municipal.<\/p>\n<p>Chaxiraxi Niz insiste en la necesidad de continuar concienciando a las nuevas generaciones por la v\u00eda de la educaci\u00f3n y la sensibilizaci\u00f3n, \u201celementos claves para cambiar esta situaci\u00f3n y avanzar hacia una sociedad m\u00e1s abierta, tolerante e igualitaria en todos los sentidos\u201d.<\/p>\n","protected":false},"excerpt":{"rendered":"<p>Trabajadores del Ayuntamiento de Har\u00eda, con su alcaldesa Chaxiraxi Niz al frente, han guardado hoy un minuto de silencio en memoria de la mujer v\u00edctima del asesinato machista en el municipio de G\u00e1ldar, en Gran Canaria. El Consistorio norte\u00f1o se suma as\u00ed al resto de instituciones lanzarote\u00f1as y canarias en un gesto de repulsa hacia [&hellip;]<\/p>\n","protected":false},"author":7,"featured_media":19968,"comment_status":"closed","ping_status":"closed","sticky":false,"template":"","format":"standard","meta":{"footnotes":""},"categories":[73,187,425,11,30],"tags":[],"class_list":["post-19967","post","type-post","status-publish","format-standard","has-post-thumbnail","hentry","category-alcaldia","category-bienestar-social","category-destacado","category-hoja-de-haria","category-igualdad"],"_links":{"self":[{"href":"https:\/\/www.ayuntamientodeharia.com\/haria\/wp-json\/wp\/v2\/posts\/19967","targetHints":{"allow":["GET"]}}],"collection":[{"href":"https:\/\/www.ayuntamientodeharia.com\/haria\/wp-json\/wp\/v2\/posts"}],"about":[{"href":"https:\/\/www.ayuntamientodeharia.com\/haria\/wp-json\/wp\/v2\/types\/post"}],"author":[{"embeddable":true,"href":"https:\/\/www.ayuntamientodeharia.com\/haria\/wp-json\/wp\/v2\/users\/7"}],"replies":[{"embeddable":true,"href":"https:\/\/www.ayuntamientodeharia.com\/haria\/wp-json\/wp\/v2\/comments?post=19967"}],"version-history":[{"count":1,"href":"https:\/\/www.ayuntamientodeharia.com\/haria\/wp-json\/wp\/v2\/posts\/19967\/revisions"}],"predecessor-version":[{"id":19969,"href":"https:\/\/www.ayuntamientodeharia.com\/haria\/wp-json\/wp\/v2\/posts\/19967\/revisions\/19969"}],"wp:featuredmedia":[{"embeddable":true,"href":"https:\/\/www.ayuntamientodeharia.com\/haria\/wp-json\/wp\/v2\/media\/19968"}],"wp:attachment":[{"href":"https:\/\/www.ayuntamientodeharia.com\/haria\/wp-json\/wp\/v2\/media?parent=19967"}],"wp:term":[{"taxonomy":"category","embeddable":true,"href":"https:\/\/www.ayuntamientodeharia.com\/haria\/wp-json\/wp\/v2\/categories?post=19967"},{"taxonomy":"post_tag","embeddable":true,"href":"https:\/\/www.ayuntamientodeharia.com\/haria\/wp-json\/wp\/v2\/tags?post=19967"}],"curies":[{"name":"wp","href":"https:\/\/api.w.org\/{rel}","templated":true}]}}