{"id":1981,"date":"2015-07-17T12:07:01","date_gmt":"2015-07-17T12:07:01","guid":{"rendered":"http:\/\/www.ayuntamientodeharia.com\/haria\/?p=1981"},"modified":"2015-07-17T12:07:01","modified_gmt":"2015-07-17T12:07:01","slug":"el-union-norte-se-enfrentara-al-aridane-en-la-final-de-liga-del-gobierno-de-canarias","status":"publish","type":"post","link":"https:\/\/www.ayuntamientodeharia.com\/haria\/el-union-norte-se-enfrentara-al-aridane-en-la-final-de-liga-del-gobierno-de-canarias\/","title":{"rendered":"El Uni\u00f3n Norte se enfrentar\u00e1 al Aridane en la final de liga del Gobierno de Canarias"},"content":{"rendered":"<p><a href=\"http:\/\/www.ayuntamientodeharia.com\/haria\/wp-content\/uploads\/2015\/07\/hoja_759-lucha.jpg\"><img decoding=\"async\" class=\"alignleft size-medium wp-image-1949\" src=\"http:\/\/www.ayuntamientodeharia.com\/haria\/wp-content\/uploads\/2015\/07\/hoja_759-lucha-300x163.jpg\" alt=\"hoja_759 lucha\" width=\"300\" height=\"163\" srcset=\"https:\/\/www.ayuntamientodeharia.com\/haria\/wp-content\/uploads\/2015\/07\/hoja_759-lucha-300x163.jpg 300w, https:\/\/www.ayuntamientodeharia.com\/haria\/wp-content\/uploads\/2015\/07\/hoja_759-lucha-1024x559.jpg 1024w, https:\/\/www.ayuntamientodeharia.com\/haria\/wp-content\/uploads\/2015\/07\/hoja_759-lucha.jpg 1787w\" sizes=\"(max-width: 300px) 100vw, 300px\" \/><\/a>El Uni\u00f3n Norte podr\u00eda convertirse en el campe\u00f3n de la Liga del Gobierno de Canarias, de segunda categor\u00eda, si consigue vencer al CL Aridane en la luchada que se celebrar\u00e1 el viernes, 17 de julio, a las 21:00 horas, en el terrero de lucha Luis Montero Barreto de Har\u00eda.<\/p>\n<p>&nbsp;<\/p>\n<p>El Uni\u00f3n Norte parte como favorito al haber conseguido hacer triplete esta temporada logrando de forma consecutiva el \u2018XXXI Torneo Isla de Lanzarote de Lucha Canaria\u2019, al vencer por 12 a 8 al CL Tao, el \u2018XXXI Torneo Fundaci\u00f3n La Caja de Canarias\u2019, al vencer por 12 a 10 al CL Uni\u00f3n Sur Yaiza, y el nuevo torneo organizado por la Federaci\u00f3n de Lucha de Lanzarote denominado \u2018Supercopa\u2019, donde se impuso por 12 a 10 al CL Uni\u00f3n Sur Yaiza.<\/p>\n<p><!--more--><\/p>\n<p>Desde el Ayuntamiento de Har\u00eda se anima a la afici\u00f3n y a los vecinos y vecinas del municipio a apoyar con su presencia a los luchadores del Uni\u00f3n Norte en el \u00faltimo encuentro de la temporada.<\/p>\n","protected":false},"excerpt":{"rendered":"<p>El Uni\u00f3n Norte podr\u00eda convertirse en el campe\u00f3n de la Liga del Gobierno de Canarias, de segunda categor\u00eda, si consigue vencer al CL Aridane en la luchada que se celebrar\u00e1 el viernes, 17 de julio, a las 21:00 horas, en el terrero de lucha Luis Montero Barreto de Har\u00eda. &nbsp; El Uni\u00f3n Norte parte como [&hellip;]<\/p>\n","protected":false},"author":2,"featured_media":0,"comment_status":"closed","ping_status":"closed","sticky":false,"template":"","format":"standard","meta":{"footnotes":""},"categories":[17,11],"tags":[],"class_list":["post-1981","post","type-post","status-publish","format-standard","hentry","category-deportes","category-hoja-de-haria"],"_links":{"self":[{"href":"https:\/\/www.ayuntamientodeharia.com\/haria\/wp-json\/wp\/v2\/posts\/1981","targetHints":{"allow":["GET"]}}],"collection":[{"href":"https:\/\/www.ayuntamientodeharia.com\/haria\/wp-json\/wp\/v2\/posts"}],"about":[{"href":"https:\/\/www.ayuntamientodeharia.com\/haria\/wp-json\/wp\/v2\/types\/post"}],"author":[{"embeddable":true,"href":"https:\/\/www.ayuntamientodeharia.com\/haria\/wp-json\/wp\/v2\/users\/2"}],"replies":[{"embeddable":true,"href":"https:\/\/www.ayuntamientodeharia.com\/haria\/wp-json\/wp\/v2\/comments?post=1981"}],"version-history":[{"count":0,"href":"https:\/\/www.ayuntamientodeharia.com\/haria\/wp-json\/wp\/v2\/posts\/1981\/revisions"}],"wp:attachment":[{"href":"https:\/\/www.ayuntamientodeharia.com\/haria\/wp-json\/wp\/v2\/media?parent=1981"}],"wp:term":[{"taxonomy":"category","embeddable":true,"href":"https:\/\/www.ayuntamientodeharia.com\/haria\/wp-json\/wp\/v2\/categories?post=1981"},{"taxonomy":"post_tag","embeddable":true,"href":"https:\/\/www.ayuntamientodeharia.com\/haria\/wp-json\/wp\/v2\/tags?post=1981"}],"curies":[{"name":"wp","href":"https:\/\/api.w.org\/{rel}","templated":true}]}}